{"id":8377,"date":"2025-09-12T14:10:14","date_gmt":"2025-09-12T17:10:14","guid":{"rendered":"https:\/\/cartaamazonia.com.br\/carta-maps-cop30\/?p=8377"},"modified":"2025-09-13T22:55:23","modified_gmt":"2025-09-14T01:55:23","slug":"cop30-onu-pede-reducao-das-delegacoes-diante-da-crise-de-hospedagem-em-belem","status":"publish","type":"post","link":"https:\/\/cartaamazonia.com.br\/carta-maps-cop30\/2025\/09\/12\/cop30-onu-pede-reducao-das-delegacoes-diante-da-crise-de-hospedagem-em-belem\/","title":{"rendered":"COP30: ONU pede redu\u00e7\u00e3o das delega\u00e7\u00f5es diante da crise de hospedagem em Bel\u00e9m"},"content":{"rendered":"\n<p class=\"has-text-align-center has-small-font-size\"><em>At\u00e9 o momento, apenas 71 das 196 delega\u00e7\u00f5es interessadas confirmaram suas reservas para a Confer\u00eancia, Mundial do Clima, na capital paraense<\/em><\/p>\n\n\n\n<p><\/p>\n\n\n\n<p class=\"has-white-color has-text-color has-link-color wp-elements-aa72854cd3d01d17ab74bce4d060ab74\"><strong>_____________________<\/strong><\/p>\n\n\n\n<p>O secret\u00e1rio-executivo da Conven\u00e7\u00e3o do Clima da ONU (UNFCCC), Simon Stiel, recomendou oficialmente que as ag\u00eancias das Na\u00e7\u00f5es Unidas e outras organiza\u00e7\u00f5es especializadas reduzam o tamanho das suas delega\u00e7\u00f5es que ir\u00e3o \u00e0 Confer\u00eancia Mundial do Clima, em Bel\u00e9m. A orienta\u00e7\u00e3o foi enviada na \u00faltima ter\u00e7a-feira, 09\/09. No documento, Stiell ressalta que, diante das restri\u00e7\u00f5es de capacidade de hospedagens na capital do Par\u00e1, as delega\u00e7\u00f5es devem ser revistas e reduzidas \u201csempre que poss\u00edvel\u201d.<\/p>\n\n\n\n<p>\u201cTendo em vista as limita\u00e7\u00f5es de capacidade em Bel\u00e9m, gostaria de solicitar gentilmente que os chefes do sistema das Na\u00e7\u00f5es Unidas, ag\u00eancias especializadas e outras organiza\u00e7\u00f5es relevantes revisem o tamanho de suas delega\u00e7\u00f5es na COP 30 e reduzam o n\u00famero de delega\u00e7\u00f5es sempre que poss\u00edvel\u201d, afirma o secret\u00e1rio executivo.<\/p>\n\n\n\n<p>O alvo principal do alerta s\u00e3o os chamados overflow badges, credenciais extras frequentemente usadas para incluir assessores, t\u00e9cnicos e convidados que n\u00e3o fazem parte do quadro oficial da ag\u00eancia. Nesse segmento est\u00e3o consultores, t\u00e9cnicos e at\u00e9 convidados que acompanham as delega\u00e7\u00f5es, mas que n\u00e3o s\u00e3o funcion\u00e1rios da ONU.<\/p>\n\n\n<div class=\"wp-block-image\">\n<figure class=\"aligncenter size-full\"><img fetchpriority=\"high\" decoding=\"async\" width=\"900\" height=\"506\" src=\"https:\/\/cartaamazonia.com.br\/carta-maps-cop30\/wp-content\/uploads\/2025\/09\/simon-stiell-secretario-executivo-da-onu-sobre-mudanca-do-clima-1750100493887_v2_900x506.jpg.webp\" alt=\"\" class=\"wp-image-8379\" srcset=\"https:\/\/cartaamazonia.com.br\/carta-maps-cop30\/wp-content\/uploads\/2025\/09\/simon-stiell-secretario-executivo-da-onu-sobre-mudanca-do-clima-1750100493887_v2_900x506.jpg.webp 900w, https:\/\/cartaamazonia.com.br\/carta-maps-cop30\/wp-content\/uploads\/2025\/09\/simon-stiell-secretario-executivo-da-onu-sobre-mudanca-do-clima-1750100493887_v2_900x506.jpg-300x169.webp 300w, https:\/\/cartaamazonia.com.br\/carta-maps-cop30\/wp-content\/uploads\/2025\/09\/simon-stiell-secretario-executivo-da-onu-sobre-mudanca-do-clima-1750100493887_v2_900x506.jpg-768x432.webp 768w\" sizes=\"(max-width: 900px) 100vw, 900px\" \/><figcaption class=\"wp-element-caption\">No documento, Simon cita \u201climita\u00e7\u00f5es de capacidade\u201d em Bel\u00e9m (Foto: Andressa Anholete\/ Reuters)<br><\/figcaption><\/figure>\n<\/div>\n\n\n<p>Em confer\u00eancias anteriores, esse grupo cresceu de forma acelerada. S\u00f3 no COP29, em Baku, mais de 14 mil pessoas entraram com esse tipo de crach\u00e1. Como alternativa, a ONU promete ampliar a participa\u00e7\u00e3o virtual, permitindo que parte das equipes acompanhe as negocia\u00e7\u00f5es a dist\u00e2ncia.<\/p>\n\n\n\n<p><strong>Governo Federal minimiza crise de hospedagem<\/strong><\/p>\n\n\n\n<p>No mesmo dia em que Simon Stiel anunciou o pedido de redu\u00e7\u00e3o de delega\u00e7\u00f5es, devido as dificuldades em hospedagem em Bel\u00e9m, o presidente Lula afirmou, durante uma visita em Manaus, que os altos pre\u00e7os de hospedagem n\u00e3o v\u00e3o comprometer a realiza\u00e7\u00e3o da confer\u00eancia. Lula ressaltou que o governo federal est\u00e1 empenhado em garantir infraestrutura adequada para a COP e que a escolha da capital paraense foi estrat\u00e9gica.<\/p>\n\n\n\n<p>\u201cQuando eu decidi reivindicar a COP para a cidade de Bel\u00e9m, eu j\u00e1 conhecia Bel\u00e9m h\u00e1 muito tempo. Mas eu resolvi fazer a confer\u00eancia em Bel\u00e9m porque \u00e9 preciso fazer a COP no cora\u00e7\u00e3o da Amaz\u00f4nia, com as facilidades e as dificuldades que a Amaz\u00f4nia apresenta\u201d, afirmou.<\/p>\n\n\n\n<p>A declara\u00e7\u00e3o do chefe do executivo est\u00e1 alinhada com o an\u00fancio feito pela Presid\u00eancia da COP30, em agosto deste ano, ap\u00f3s uma reuni\u00e3o com Bureau da Conven\u00e7\u00e3o-Quadro das Na\u00e7\u00f5es Unidas sobre Mudan\u00e7a do Clima (UNFCCC), \u00f3rg\u00e3o de governan\u00e7a interna que d\u00e1 suporte \u00e0s Confer\u00eancias das Partes (COPs). Na ocasi\u00e3o, o governo federal divulgou a cria\u00e7\u00e3o de uma for\u00e7a-tarefa para solucionar a crise de hospedagem causada pelos altos pre\u00e7os na cidade.<\/p>\n\n\n\n<p>O Brasil reafirmou que Bel\u00e9m possui capacidade de hospedagem para a realiza\u00e7\u00e3o da confer\u00eancia, com uma oferta total de 53 mil leitos, n\u00famero superior \u00e0 estimativa de 50 mil participantes do evento.<\/p>\n\n\n\n<p>Essa estrutura, segundo a Presid\u00eancia da COP30, inclui hot\u00e9is de diferentes categorias, im\u00f3veis privados cadastrados e regulamentados, dois navios internacionais de grande porte (operados pelas empresas MSC Seaview e Costa Diadema) e acomoda\u00e7\u00f5es espec\u00edficas voltadas para povos ind\u00edgenas, juventude e sociedade civil, garantindo diversidade, acessibilidade e previsibilidade para todas as delega\u00e7\u00f5es e perfis de p\u00fablico.<\/p>\n\n\n\n<p>At\u00e9 o momento, apenas 71 das 196 delega\u00e7\u00f5es interessadas confirmaram suas reservas. Desse total, 39 foram feitas pela plataforma oficial e as outras foram negociadas diretamente com a rede hoteleira. Entre as delega\u00e7\u00f5es que j\u00e1 confirmaram est\u00e3o presen\u00e7a em Bel\u00e9m est\u00e3o Jap\u00e3o, Espanha, Noruega, Portugal, Ar\u00e1bia Saudita, Egito, Rep\u00fablica Democr\u00e1tica do Congo e Singapura.<\/p>\n\n\n\n<p>___________________________________<\/p>\n\n\n\n<p><em>Foto de capa: Alexandre Costa\/ Ag. Par\u00e1<\/em><\/p>\n\n\n\n<p><\/p>\n","protected":false},"excerpt":{"rendered":"<p>At\u00e9 o momento, apenas 71 das 196 delega\u00e7\u00f5es interessadas confirmaram suas reservas para a Confer\u00eancia, Mundial do Clima, na capital paraense _____________________ O secret\u00e1rio-executivo da Conven\u00e7\u00e3o do Clima da ONU (UNFCCC), Simon Stiel, recomendou oficialmente que as ag\u00eancias das Na\u00e7\u00f5es Unidas e outras organiza\u00e7\u00f5es especializadas reduzam o tamanho das suas delega\u00e7\u00f5es que ir\u00e3o \u00e0 Confer\u00eancia [&hellip;]<\/p>\n","protected":false},"author":2,"featured_media":8378,"comment_status":"open","ping_status":"open","sticky":false,"template":"","format":"standard","meta":{"footnotes":""},"categories":[29,32],"tags":[37,33,41,42],"class_list":["post-8377","post","type-post","status-publish","format-standard","has-post-thumbnail","hentry","category-cop30","category-meio-ambiente","tag-belem","tag-cop30","tag-hospedagem","tag-onu"],"_links":{"self":[{"href":"https:\/\/cartaamazonia.com.br\/carta-maps-cop30\/wp-json\/wp\/v2\/posts\/8377","targetHints":{"allow":["GET"]}}],"collection":[{"href":"https:\/\/cartaamazonia.com.br\/carta-maps-cop30\/wp-json\/wp\/v2\/posts"}],"about":[{"href":"https:\/\/cartaamazonia.com.br\/carta-maps-cop30\/wp-json\/wp\/v2\/types\/post"}],"author":[{"embeddable":true,"href":"https:\/\/cartaamazonia.com.br\/carta-maps-cop30\/wp-json\/wp\/v2\/users\/2"}],"replies":[{"embeddable":true,"href":"https:\/\/cartaamazonia.com.br\/carta-maps-cop30\/wp-json\/wp\/v2\/comments?post=8377"}],"version-history":[{"count":8,"href":"https:\/\/cartaamazonia.com.br\/carta-maps-cop30\/wp-json\/wp\/v2\/posts\/8377\/revisions"}],"predecessor-version":[{"id":8403,"href":"https:\/\/cartaamazonia.com.br\/carta-maps-cop30\/wp-json\/wp\/v2\/posts\/8377\/revisions\/8403"}],"wp:featuredmedia":[{"embeddable":true,"href":"https:\/\/cartaamazonia.com.br\/carta-maps-cop30\/wp-json\/wp\/v2\/media\/8378"}],"wp:attachment":[{"href":"https:\/\/cartaamazonia.com.br\/carta-maps-cop30\/wp-json\/wp\/v2\/media?parent=8377"}],"wp:term":[{"taxonomy":"category","embeddable":true,"href":"https:\/\/cartaamazonia.com.br\/carta-maps-cop30\/wp-json\/wp\/v2\/categories?post=8377"},{"taxonomy":"post_tag","embeddable":true,"href":"https:\/\/cartaamazonia.com.br\/carta-maps-cop30\/wp-json\/wp\/v2\/tags?post=8377"}],"curies":[{"name":"wp","href":"https:\/\/api.w.org\/{rel}","templated":true}]}}