{"id":8404,"date":"2025-09-14T20:06:34","date_gmt":"2025-09-14T23:06:34","guid":{"rendered":"https:\/\/cartaamazonia.com.br\/carta-maps-cop30\/?p=8404"},"modified":"2025-09-14T20:06:34","modified_gmt":"2025-09-14T23:06:34","slug":"igrejas-de-belem-lancam-plataforma-solidaria-de-hospedagem-para-a-cop30","status":"publish","type":"post","link":"https:\/\/cartaamazonia.com.br\/carta-maps-cop30\/2025\/09\/14\/igrejas-de-belem-lancam-plataforma-solidaria-de-hospedagem-para-a-cop30\/","title":{"rendered":"Igrejas de Bel\u00e9m lan\u00e7am plataforma solid\u00e1ria de hospedagem para a COP30"},"content":{"rendered":"\n<p class=\"has-text-align-center\"><em>Iniciativa vai cadastrar resid\u00eancias e espa\u00e7os religiosos para oferecer hospedagem gratuita ou a pre\u00e7os acess\u00edveis durante a Confer\u00eancia Mundial do Clima, em Bel\u00e9m<\/em><\/p>\n\n\n\n<p class=\"has-white-color has-text-color has-link-color wp-elements-010fe7f6db8124d5bd4cf9a0f3fdf150\"><strong>___________<\/strong><\/p>\n\n\n\n<p>Igrejas\u00a0cat\u00f3licas e evang\u00e9licas da Regi\u00e3o Metropolitana de Bel\u00e9m se uniram para lan\u00e7ar uma plataforma que oferece acomoda\u00e7\u00f5es gratuitas durante a Confer\u00eancia Mundial do Clima, na capital paraense. A <strong><a href=\"https:\/\/www.hospitalidadecomproposito.org\/\">Rede de Hospitalidade com Prop\u00f3sito<\/a><\/strong> \u00e9 um servi\u00e7o online que oferece hospedagem solid\u00e1ria para quem visitar\u00e1 a cidade-sede da COP30, durante os dias 10 a 21 de novembro.<\/p>\n\n\n\n<p>A rede vai cadastrar resid\u00eancias e espa\u00e7os religiosos da Grande Bel\u00e9m dispostos a acolher visitantes, de forma gratuita ou com valores acess\u00edveis, pr\u00e1tica que j\u00e1 \u00e9 feita no per\u00edodo do C\u00edrio de Nazar\u00e9.<\/p>\n\n\n\n<p>Na plataforma, dispon\u00edvel desde o dia 1\u00ba de setembro, h\u00e1 um espa\u00e7o onde quem quer oferecer casa, quarto ou ch\u00e1cara pode se cadastrar para ser anfitri\u00e3o. H\u00e1 tamb\u00e9m espa\u00e7o para procurar hospedagem e verificar o que est\u00e1 dispon\u00edvel. <strong><a href=\"https:\/\/www.hospitalidadecomproposito.org\/\">Confira aqui.<\/a><\/strong><\/p>\n\n\n\n<p>A iniciativa j\u00e1 conta com cerca de 950 vagas: 200 leitos em uma ch\u00e1cara da Igreja Batista Mission\u00e1ria da Amaz\u00f4nia e mais de 750 em uma comunidade cat\u00f3lica na regi\u00e3o metropolitana. Al\u00e9m disso, outras op\u00e7\u00f5es de hospedagem com pre\u00e7os acess\u00edveis e caf\u00e9 da manh\u00e3 est\u00e3o sendo organizadas para integrar o sistema oficial da confer\u00eancia. De acordo com os organizadores da Rede de Hospitalidade, outras vagas gratuitas estar\u00e3o dispon\u00edveis para h\u00f3spedes a partir da segunda semana de setembro.<\/p>\n\n\n\n<p>A coordenadora de Mobiliza\u00e7\u00e3o e Relacionamento da Rede, Andreia Cunha, afirma que a iniciativa surgiu em um encontro de empreendedores crist\u00e3os em S\u00e3o Paulo. \u201cA ideia \u00e9 mobilizar os crist\u00e3os dentro das igrejas para que a gente abra as casas para receber de forma gratuita quem venha para a COP ou evento ligado \u00e0 confer\u00eancia no mesmo per\u00edodo\u201d, destaca.<\/p>\n\n\n\n<p>Para solicitar uma vaga, os h\u00f3spedes precisar\u00e3o comprovar sua participa\u00e7\u00e3o nas atividades da COP30. As acomoda\u00e7\u00f5es ser\u00e3o distribu\u00eddas n\u00e3o apenas em Bel\u00e9m, mas tamb\u00e9m em munic\u00edpios da regi\u00e3o metropolitana. Igrejas que optarem por cobrar pelas hospedagens ser\u00e3o direcionadas para a plataforma oficial de hospedagem do governo federal.<\/p>\n\n\n\n<p><\/p>\n\n\n\n<p>________________________  <\/p>\n\n\n\n<p><em>Foto de capa: Divulga\u00e7\u00e3o \/ Igreja Batista Mission\u00e1ria da Amaz\u00f4nia<\/em><\/p>\n","protected":false},"excerpt":{"rendered":"<p>Iniciativa vai cadastrar resid\u00eancias e espa\u00e7os religiosos para oferecer hospedagem gratuita ou a pre\u00e7os acess\u00edveis durante a Confer\u00eancia Mundial do Clima, em Bel\u00e9m ___________ Igrejas\u00a0cat\u00f3licas e evang\u00e9licas da Regi\u00e3o Metropolitana de Bel\u00e9m se uniram para lan\u00e7ar uma plataforma que oferece acomoda\u00e7\u00f5es gratuitas durante a Confer\u00eancia Mundial do Clima, na capital paraense. A Rede de Hospitalidade [&hellip;]<\/p>\n","protected":false},"author":2,"featured_media":8405,"comment_status":"open","ping_status":"open","sticky":false,"template":"","format":"standard","meta":{"footnotes":""},"categories":[29],"tags":[36,37,33,41,68,69],"class_list":["post-8404","post","type-post","status-publish","format-standard","has-post-thumbnail","hentry","category-cop30","tag-amazonia","tag-belem","tag-cop30","tag-hospedagem","tag-igreja-batista-missionaria-da-amazonia","tag-igreja-catolica"],"_links":{"self":[{"href":"https:\/\/cartaamazonia.com.br\/carta-maps-cop30\/wp-json\/wp\/v2\/posts\/8404","targetHints":{"allow":["GET"]}}],"collection":[{"href":"https:\/\/cartaamazonia.com.br\/carta-maps-cop30\/wp-json\/wp\/v2\/posts"}],"about":[{"href":"https:\/\/cartaamazonia.com.br\/carta-maps-cop30\/wp-json\/wp\/v2\/types\/post"}],"author":[{"embeddable":true,"href":"https:\/\/cartaamazonia.com.br\/carta-maps-cop30\/wp-json\/wp\/v2\/users\/2"}],"replies":[{"embeddable":true,"href":"https:\/\/cartaamazonia.com.br\/carta-maps-cop30\/wp-json\/wp\/v2\/comments?post=8404"}],"version-history":[{"count":1,"href":"https:\/\/cartaamazonia.com.br\/carta-maps-cop30\/wp-json\/wp\/v2\/posts\/8404\/revisions"}],"predecessor-version":[{"id":8406,"href":"https:\/\/cartaamazonia.com.br\/carta-maps-cop30\/wp-json\/wp\/v2\/posts\/8404\/revisions\/8406"}],"wp:featuredmedia":[{"embeddable":true,"href":"https:\/\/cartaamazonia.com.br\/carta-maps-cop30\/wp-json\/wp\/v2\/media\/8405"}],"wp:attachment":[{"href":"https:\/\/cartaamazonia.com.br\/carta-maps-cop30\/wp-json\/wp\/v2\/media?parent=8404"}],"wp:term":[{"taxonomy":"category","embeddable":true,"href":"https:\/\/cartaamazonia.com.br\/carta-maps-cop30\/wp-json\/wp\/v2\/categories?post=8404"},{"taxonomy":"post_tag","embeddable":true,"href":"https:\/\/cartaamazonia.com.br\/carta-maps-cop30\/wp-json\/wp\/v2\/tags?post=8404"}],"curies":[{"name":"wp","href":"https:\/\/api.w.org\/{rel}","templated":true}]}}