{"id":8409,"date":"2025-09-17T23:33:33","date_gmt":"2025-09-18T02:33:33","guid":{"rendered":"https:\/\/cartaamazonia.com.br\/carta-maps-cop30\/?p=8409"},"modified":"2025-09-17T23:35:17","modified_gmt":"2025-09-18T02:35:17","slug":"presidencia-da-cop30-e-governo-do-para-divergem-sobre-numero-de-paises-confirmados-para-a-conferencia-do-clima-em-belem","status":"publish","type":"post","link":"https:\/\/cartaamazonia.com.br\/carta-maps-cop30\/2025\/09\/17\/presidencia-da-cop30-e-governo-do-para-divergem-sobre-numero-de-paises-confirmados-para-a-conferencia-do-clima-em-belem\/","title":{"rendered":"Presid\u00eancia da COP30 e Governo do Par\u00e1 divergem sobre n\u00famero de pa\u00edses confirmados para a Confer\u00eancia do Clima, em Bel\u00e9m"},"content":{"rendered":"\n<p class=\"has-text-align-center\"><em>Segundo a Presid\u00eancia da COP30, 79 pa\u00edses j\u00e1 confirmaram hospedagem em Bel\u00e9m. N\u00famero contesta com a informa\u00e7\u00e3o divulgada pelo Governo do Par\u00e1, na \u00faltima sexta-feira, que anunciou 140 delega\u00e7\u00f5es confirmadas para o evento<\/em><\/p>\n\n\n\n<p><\/p>\n\n\n\n<p><\/p>\n\n\n\n<p class=\"has-white-color has-text-color has-link-color wp-elements-23e7e6dfb259ad4c1064e49d53a7404c\"><strong>___________________________<\/strong><\/p>\n\n\n\n<p>Dos 135 pa\u00edses que j\u00e1 anunciaram participa\u00e7\u00e3o na Confer\u00eancia Mundial do Clima, em Bel\u00e9m, somente 79 delega\u00e7\u00f5es confirmaram hospedagem na capital do Par\u00e1. A informa\u00e7\u00e3o foi divulgada nesta quarta-feira, 17\/09, pela Presid\u00eancia da COP30. O comunicado foi realizado ap\u00f3s uma reuni\u00e3o com a Secretaria Extraordin\u00e1ria para a COP30 da Casa Civil, do Minist\u00e9rio das Rela\u00e7\u00f5es Exteriores e o Bureau da Conven\u00e7\u00e3o-Quadro das Na\u00e7\u00f5es Unidas sobre Mudan\u00e7a do Clima (UNFCCC), \u00f3rg\u00e3o de governan\u00e7a interna que d\u00e1 suporte \u00e0s Confer\u00eancias das Partes (COPs). O encontro atualizou as informa\u00e7\u00f5es sobre os preparativos para evento, com destaque para as solu\u00e7\u00f5es de hospedagem e de tecnologia,<\/p>\n\n\n\n<p>Na reuni\u00e3o, o Brasil informou que&nbsp;<strong>79 pa\u00edses<\/strong>&nbsp;j\u00e1 confirmaram hospedagem em Bel\u00e9m, seja por meio das plataformas de hospedagens Bnetwork e Qualitour ou por reservas pr\u00f3prias. Segundo a Presid\u00eancia da COP30, outras 70 delega\u00e7\u00f5es seguem em negocia\u00e7\u00e3o.<\/p>\n\n\n\n<p>O an\u00fancio feito pelo governo federal diverge da informa\u00e7\u00e3o divulgada pelo Governo do Par\u00e1 sobre o n\u00famero de pa\u00edses confirmados para a confer\u00eancia. Na \u00faltima sexta-feira, 12\/09, o governador Helder Barbalho anunciou que a Organiza\u00e7\u00e3o das Na\u00e7\u00f5es Unidas confirmou a presen\u00e7a de delega\u00e7\u00f5es de&nbsp;<strong>140 pa\u00edses na COP30,<\/strong>&nbsp;&nbsp;prevista para os dias 10 a 21 de novembro.<\/p>\n\n\n\n<p class=\"has-white-color has-text-color has-link-color wp-elements-289e6ae335ff0bb0048f36fae8d2b6f0\"><strong>______________<\/strong><\/p>\n\n\n\n<p><\/p>\n\n\n<div class=\"wp-block-image\">\n<figure class=\"aligncenter size-full is-resized\"><img fetchpriority=\"high\" decoding=\"async\" width=\"630\" height=\"364\" src=\"https:\/\/cartaamazonia.com.br\/carta-maps-cop30\/wp-content\/uploads\/2025\/09\/Captura-de-tela-2025-09-17-143407.png\" alt=\"\" class=\"wp-image-8411\" style=\"width:782px;height:auto\" srcset=\"https:\/\/cartaamazonia.com.br\/carta-maps-cop30\/wp-content\/uploads\/2025\/09\/Captura-de-tela-2025-09-17-143407.png 630w, https:\/\/cartaamazonia.com.br\/carta-maps-cop30\/wp-content\/uploads\/2025\/09\/Captura-de-tela-2025-09-17-143407-300x173.png 300w\" sizes=\"(max-width: 630px) 100vw, 630px\" \/><figcaption class=\"wp-element-caption\"><em>An\u00fancio sobre as 140 pa\u00edses confirmados na COP30 (Imagem: Reprodu\u00e7\u00e3o \/ Instagram)<br><\/em><\/figcaption><\/figure>\n<\/div>\n\n\n<p><\/p>\n\n\n\n<p><\/p>\n\n\n\n<p>\u201cA ONU acaba de confirmar a presen\u00e7a de delega\u00e7\u00f5es de 140 pa\u00edses para a COP30, em Bel\u00e9m. Outras confirma\u00e7\u00f5es est\u00e3o a caminho. A capital da Amaz\u00f4nia est\u00e1 de portas abertas para o mundo, superando toda forma de preconceito contra o Norte do Brasil. Viva a COP da Floresta!\u201d, afirmou o governador em publica\u00e7\u00e3o nas redes sociais.<\/p>\n\n\n\n<p>No mesmo dia do an\u00fancio do Helder, a vice-governadora do Par\u00e1, Hana Ghassan, havia anunciado mais cedo que 135 delega\u00e7\u00f5es j\u00e1 estavam confirmadas, de um total de 196 pa\u00edses signat\u00e1rios da Conven\u00e7\u00e3o do Clima.<\/p>\n\n\n\n<p class=\"has-black-color has-text-color has-link-color wp-elements-33bfc648b4abc31b6343d4c96f302c9a\">Segundo a Presid\u00eancia da COP30, o aumento no n\u00famero de confirma\u00e7\u00f5es de hospedagens \u00e9 resultado da&nbsp;<a href=\"https:\/\/cartaamazonia.com.br\/cop30-governo-federal-anuncia-forca-tarefa-para-solucionar-crise-de-hospedagens-em-belem\/\"><strong>for\u00e7a-tarefa, criada em 18 de agosto, com a participa\u00e7\u00e3o do Governo do Par\u00e1 e diversas pastas do governo federal para atender individualmente cada delega\u00e7\u00e3o<\/strong><\/a>. Esse canal direto foi concebido para oferecer solu\u00e7\u00f5es \u00e1geis em quest\u00f5es de hospedagem, transporte, sa\u00fade e demais demandas operacionais.<\/p>\n\n\n\n<p>Durante a reuni\u00e3o de hoje, o secret\u00e1rio-executivo da UNFCCC, Simon Stiell, anunciou a revis\u00e3o da taxa da Di\u00e1ria das Na\u00e7\u00f5es Unidas (DSA) para Bel\u00e9m. O valor, que antes era de US$ 144, foi aumentado para US$ 197 para 144 pa\u00edses em desenvolvimento, incluindo os Pa\u00edses Menos Desenvolvidos (LDCs) e os Pequenos Estados Insulares em Desenvolvimento (SIDS). Os representantes regionais presentes na reuni\u00e3o receberam com satisfa\u00e7\u00e3o essa assist\u00eancia adicional, dispon\u00edvel para um n\u00famero limitado de delegados de cada pa\u00eds eleg\u00edvel.<\/p>\n\n\n\n<p>Simon Stiell reconheceu o forte compromisso e os esfor\u00e7os realizados pelo Brasil para lidar com os desafios de acomoda\u00e7\u00e3o at\u00e9 o momento. \u201cTivemos progresso, mas ainda h\u00e1 mais a ser feito\u201d. O secret\u00e1rio agradeceu ao Brasil por sua lideran\u00e7a e reafirmou que a ONU compartilha plenamente o compromisso do Brasil com uma COP bem-sucedida e inclusiva.<\/p>\n\n\n\n<p>Valter Correia da Silva, secret\u00e1rio extraordin\u00e1rio para a COP30, destacou que desde o lan\u00e7amento dos pacotes oficiais de hospedagem h\u00e1 um di\u00e1logo ativo com as delega\u00e7\u00f5es. \u201cMostramos flexibilidade para atender \u00e0s suas preocupa\u00e7\u00f5es. Buscamos contato via pontos focais indicados pela UNFCCC, embaixadas em Bras\u00edlia e rede de embaixadas do Brasil no exterior. Alteramos o n\u00famero m\u00ednimo de di\u00e1rias para reservas nos navios e apoiamos as delega\u00e7\u00f5es na negocia\u00e7\u00e3o com hot\u00e9is e apartamentos de temporada sempre que necess\u00e1rio\u201d, detalhou.<\/p>\n\n\n\n<p>Segundo levantamento apresentado ao Bureau, mais de 42 mil quartos j\u00e1 est\u00e3o dispon\u00edveis em Bel\u00e9m para novembro, distribu\u00eddos entre hot\u00e9is na capital e regi\u00e3o metropolitana (8.166 quartos), cabines em navios (3.882, com 800 op\u00e7\u00f5es por at\u00e9 US$ 200\/dia), Bnetwork (7.354 quartos, at\u00e9 US$ 600\/dia) e plataformas Airbnb e Booking.com (23.300 unidades).<\/p>\n\n\n\n<p>Ana Toni, diretora-executiva da Confer\u00eancia no Brasil, refor\u00e7ou a relev\u00e2ncia de Bel\u00e9m como sede do evento e comentou que, durante as viagens de miss\u00e3o da Presid\u00eancia da COP30, \u201cem todos os continentes que visitamos, conseguimos explicar a import\u00e2ncia e a raz\u00e3o pela qual o presidente Lula escolheu Bel\u00e9m como sede da COP30. Recebemos feedback muito positivo de todos os pa\u00edses, e gostaria de agradecer pela compreens\u00e3o e apoio, especialmente considerando o momento geopol\u00edtico complexo e o simbolismo da Amaz\u00f4nia\u201d.<\/p>\n\n\n\n<p><strong>Aumento do teto da di\u00e1ria da ONU e taxa ad hoc<\/strong><\/p>\n\n\n\n<p>O reajuste da DSA aumento atendeu a uma reivindica\u00e7\u00e3o de representantes dos pa\u00edses no Bureau, apoiada pelo Brasil, e \u00e9 visto como um avan\u00e7o para facilitar a participa\u00e7\u00e3o de na\u00e7\u00f5es em desenvolvimento. Ainda assim, o Brasil considera que o valor continua abaixo da m\u00e9dia praticada em outras capitais brasileiras e n\u00e3o cobre integralmente os custos locais. Por esse motivo, o governo brasileiro sugeriu que a UNFCCC estude a aplica\u00e7\u00e3o de uma taxa ad hoc (um refor\u00e7o emergencial aplicado apenas para esta COP), o que facilitaria a vinda de delegados de pa\u00edses em desenvolvimento.<\/p>\n\n\n\n<p><strong>Combate a pre\u00e7os abusivos<\/strong><\/p>\n\n\n\n<p>Outro tema abordado foram os esfor\u00e7os do governo federal para coibir pr\u00e1ticas de pre\u00e7os abusivos, por meio de medidas jur\u00eddicas e administrativas, bem como di\u00e1logo com o setor hoteleiro, plataformas de hospedagem e imobili\u00e1rias. Um exemplo positivo foi quando as plataformas Hotels.com e Airbnb.com acataram recomenda\u00e7\u00f5es da Defensoria P\u00fablica do Par\u00e1, Minist\u00e9rio P\u00fablico, Procon e Ordem dos Advogados do Brasil, bloqueando an\u00fancios considerados abusivos e emitindo alertas quando os valores ultrapassam a m\u00e9dia de mercado.<\/p>\n\n\n\n<p>_____________________________________<\/p>\n\n\n\n<p>Foto de capa: Raphael Luz \/ Ag. Par\u00e1<\/p>\n\n\n\n<p><\/p>\n","protected":false},"excerpt":{"rendered":"<p>Segundo a Presid\u00eancia da COP30, 79 pa\u00edses j\u00e1 confirmaram hospedagem em Bel\u00e9m. N\u00famero contesta com a informa\u00e7\u00e3o divulgada pelo Governo do Par\u00e1, na \u00faltima sexta-feira, que anunciou 140 delega\u00e7\u00f5es confirmadas para o evento ___________________________ Dos 135 pa\u00edses que j\u00e1 anunciaram participa\u00e7\u00e3o na Confer\u00eancia Mundial do Clima, em Bel\u00e9m, somente 79 delega\u00e7\u00f5es confirmaram hospedagem na capital [&hellip;]<\/p>\n","protected":false},"author":2,"featured_media":8410,"comment_status":"open","ping_status":"open","sticky":false,"template":"","format":"standard","meta":{"footnotes":""},"categories":[29],"tags":[36,37,71,35,33,39,70,42,72],"class_list":["post-8409","post","type-post","status-publish","format-standard","has-post-thumbnail","hentry","category-cop30","tag-amazonia","tag-belem","tag-bnetwork","tag-carta-maps","tag-cop30","tag-geojornalismo","tag-helder-barbalho","tag-onu","tag-presidencia-da-cop30"],"_links":{"self":[{"href":"https:\/\/cartaamazonia.com.br\/carta-maps-cop30\/wp-json\/wp\/v2\/posts\/8409","targetHints":{"allow":["GET"]}}],"collection":[{"href":"https:\/\/cartaamazonia.com.br\/carta-maps-cop30\/wp-json\/wp\/v2\/posts"}],"about":[{"href":"https:\/\/cartaamazonia.com.br\/carta-maps-cop30\/wp-json\/wp\/v2\/types\/post"}],"author":[{"embeddable":true,"href":"https:\/\/cartaamazonia.com.br\/carta-maps-cop30\/wp-json\/wp\/v2\/users\/2"}],"replies":[{"embeddable":true,"href":"https:\/\/cartaamazonia.com.br\/carta-maps-cop30\/wp-json\/wp\/v2\/comments?post=8409"}],"version-history":[{"count":2,"href":"https:\/\/cartaamazonia.com.br\/carta-maps-cop30\/wp-json\/wp\/v2\/posts\/8409\/revisions"}],"predecessor-version":[{"id":8414,"href":"https:\/\/cartaamazonia.com.br\/carta-maps-cop30\/wp-json\/wp\/v2\/posts\/8409\/revisions\/8414"}],"wp:featuredmedia":[{"embeddable":true,"href":"https:\/\/cartaamazonia.com.br\/carta-maps-cop30\/wp-json\/wp\/v2\/media\/8410"}],"wp:attachment":[{"href":"https:\/\/cartaamazonia.com.br\/carta-maps-cop30\/wp-json\/wp\/v2\/media?parent=8409"}],"wp:term":[{"taxonomy":"category","embeddable":true,"href":"https:\/\/cartaamazonia.com.br\/carta-maps-cop30\/wp-json\/wp\/v2\/categories?post=8409"},{"taxonomy":"post_tag","embeddable":true,"href":"https:\/\/cartaamazonia.com.br\/carta-maps-cop30\/wp-json\/wp\/v2\/tags?post=8409"}],"curies":[{"name":"wp","href":"https:\/\/api.w.org\/{rel}","templated":true}]}}