{"id":8435,"date":"2025-10-02T10:28:05","date_gmt":"2025-10-02T13:28:05","guid":{"rendered":"https:\/\/cartaamazonia.com.br\/carta-maps-cop30\/?p=8435"},"modified":"2025-10-02T10:30:23","modified_gmt":"2025-10-02T13:30:23","slug":"mais-de-100-paises-apresentam-novos-planos-climaticos-antes-da-cop30-em-belem","status":"publish","type":"post","link":"https:\/\/cartaamazonia.com.br\/carta-maps-cop30\/2025\/10\/02\/mais-de-100-paises-apresentam-novos-planos-climaticos-antes-da-cop30-em-belem\/","title":{"rendered":"Mais de 100 pa\u00edses apresentam novos planos clim\u00e1ticos antes da COP30 em Bel\u00e9m"},"content":{"rendered":"\n<p class=\"has-text-align-center\"><em>As novas promessas se apoiam em uma d\u00e9cada de avan\u00e7os desde o Acordo de Paris, quando a economia global&nbsp;cresceu quase 28%,&nbsp;mesmo com as emiss\u00f5es aumentando apenas 3%.<\/em><\/p>\n\n\n\n<p><\/p>\n\n\n\n<p class=\"has-white-color has-text-color has-link-color wp-elements-010fe7f6db8124d5bd4cf9a0f3fdf150\"><strong>___________<\/strong><\/p>\n\n\n\n<p>Mais de 100 pa\u00edses aproveitaram a C\u00fapula do Clima do Secret\u00e1rio-Geral da ONU em Nova York para apresentar&nbsp;<a href=\"https:\/\/unfccc.int\/news\/momentum-gathers-towards-cop30-as-close-to-100-countries-signal-new-climate-targets\" target=\"_blank\" rel=\"noreferrer noopener\">novos planos e metas<\/a>&nbsp;antes da COP30 em Bel\u00e9m, em novembro. As promessas mostram um n\u00edtido contraste com os ataques do presidente dos EUA, Donald Trump, \u00e0 a\u00e7\u00e3o clim\u00e1tica na ONU, durante a Assembleia Geral da Organiza\u00e7\u00e3o das Na\u00e7\u00f5es Unidas.<\/p>\n\n\n\n<p>Os planos apresentados formam o conjunto mais detalhado de planos clim\u00e1ticos nacionais at\u00e9 hoje. Muitos, pela primeira vez, abrangem todos os setores da economia \u2014 incluindo transporte e ind\u00fastria \u2014 al\u00e9m de abordar oceanos, florestas e outros recursos naturais.&nbsp;<a href=\"https:\/\/www.e3g.org\/publications\/ndc-3-0-energy-commitments-tracker\/\" target=\"_blank\" rel=\"noreferrer noopener\">Mais de 90%&nbsp;<\/a>dos planos apoiam ao menos um dos resultados energ\u00e9ticos da COP28.<\/p>\n\n\n\n<p>As novas promessas se apoiam em uma d\u00e9cada de avan\u00e7os desde o Acordo de Paris, quando a economia global&nbsp;<a href=\"https:\/\/eciu.net\/media\/press-releases\/2025\/paris-agreement-at-ten-brakes-slammed-on-emissions-growth-finds-analysis\" target=\"_blank\" rel=\"noreferrer noopener\">cresceu quase 28%<\/a>,&nbsp;<strong>mesmo com as emiss\u00f5es aumentando apenas 3%<\/strong>. A intensidade de carbono caiu 21% e o crescimento anual das emiss\u00f5es desacelerou em cinco vezes, para 0,32%, segundo uma nova an\u00e1lise do ECIU, destacando como planos nacionais mais robustos podem acelerar uma tend\u00eancia j\u00e1 em curso.<\/p>\n\n\n\n<p>O compromisso da China de reduzir as emiss\u00f5es entre 7% e 10% ap\u00f3s atingirem o pico (que analistas dizem ter ocorrido em 2024) foi amplamente visto como fraco, embora represente sua primeira meta clim\u00e1tica abrangendo toda a economia e todos os gases de efeito estufa. O plano chin\u00eas tamb\u00e9m estabelece a meta de elevar a participa\u00e7\u00e3o de fontes n\u00e3o f\u00f3sseis para mais de 30% da demanda total de energia at\u00e9 2035. Analistas esperam que o setor de tecnologia limpa da China, em r\u00e1pido crescimento, impulsione a capacidade de energia e\u00f3lica e solar bem al\u00e9m da meta declarada de 3.600 GW.<\/p>\n\n\n\n<p><br>O Secret\u00e1rio-Geral da ONU,&nbsp;<strong>Ant\u00f3nio Guterres<\/strong>, abriu a c\u00fapula pedindo que os l\u00edderes apresentem NDCs de alta ambi\u00e7\u00e3o. \u201cPrecisamos de novos planos para 2035 que avancem muito mais e muito mais r\u00e1pido: cortes dram\u00e1ticos de emiss\u00f5es compat\u00edveis com 1,5 \u00b0C, cobrindo todas as emiss\u00f5es e setores, e acelerando uma transi\u00e7\u00e3o energ\u00e9tica justa em escala global\u201d, disse Guterres.<\/p>\n\n\n\n<p>Anfitri\u00e3o da COP30, o&nbsp;<strong>presidente Lula<\/strong>&nbsp;tamb\u00e9m fez um dos discursos de abertura da C\u00fapula de Clima e reafirmou a meta do Brasil de \u201creduzir as emiss\u00f5es de todos os gases de efeito estufa entre 59% e 67%, abrangendo todos os setores da economia\u201d. Ele acrescentou: \u201cAo sediar a COP na Amaz\u00f4nia, o Brasil quer mostrar que \u00e9 imposs\u00edvel preservar a natureza sem cuidar das pessoas.\u201d<\/p>\n\n\n\n<p>\u201cA transi\u00e7\u00e3o verde e de baixo carbono \u00e9 a tend\u00eancia do nosso tempo\u201d, afirmou<strong>&nbsp;Xi Jinping<\/strong>, presidente da China.<\/p>\n\n\n\n<p>\u201cEmbora alguns pa\u00edses ajam contra isso, a comunidade internacional deve manter o foco na dire\u00e7\u00e3o correta, permanecer firme na confian\u00e7a, incans\u00e1vel nas a\u00e7\u00f5es e determinada na intensidade, e avan\u00e7ar na formula\u00e7\u00e3o e implementa\u00e7\u00e3o das NDCs, com o objetivo de trazer mais energia positiva para a coopera\u00e7\u00e3o na governan\u00e7a clim\u00e1tica global\u201d, completou Xi.<\/p>\n\n\n\n<p>\u201cA quest\u00e3o j\u00e1 n\u00e3o \u00e9 mais se a transi\u00e7\u00e3o ocorrer\u00e1 e com que rapidez, mas quem se beneficiar\u00e1 dela\u201d, avalia&nbsp;<strong>Ursula von der Leyen<\/strong>, presidente da Comiss\u00e3o Europeia.<\/p>\n\n\n\n<p><br>\u201cE todos os pa\u00edses devem colher os benef\u00edcios, especialmente os mais vulner\u00e1veis. \u00c9 por isso que continuamos sendo o maior financiador clim\u00e1tico do mundo. Vamos mobilizar at\u00e9 \u20ac300 bilh\u00f5es para apoiar a transi\u00e7\u00e3o limpa em escala global por meio do nosso programa de investimentos Global Gateway, e vamos transformar em realidade nosso acordo coletivo de triplicar as energias renov\u00e1veis at\u00e9 2030\u201d, disse von der Leyen.<\/p>\n\n\n\n<p>_____________________________<\/p>\n\n\n\n<p><em>Com informa\u00e7\u00f5es do ClimaInfo<\/em><\/p>\n\n\n\n<p><em>Foto de capa: Ricardo Stuckert \/ PR<\/em><\/p>\n\n\n\n<p><\/p>\n\n\n\n<p class=\"has-vivid-red-color has-text-color has-link-color wp-elements-ab50441f3bea4704a75dc353c6254a2a\"><em>Fique por dentro das \u00faltimas not\u00edcias da ag\u00eancia Carta Amaz\u00f4nia.<\/em><strong><em>&nbsp;Participe do nosso&nbsp;<a href=\"https:\/\/www.whatsapp.com\/channel\/0029Vajcelz8qIzmGGHSAR3L?fbclid=PAZXh0bgNhZW0CMTEAAad4zptZku8bM5RvuzeBp5bKxAsCx5uZxJVMMo9AiU6uH1-8OeuHZas9k_jRHA_aem_LQtSLHIyPsx2yDrrXsDD_w\">canal no WhatsApp&nbsp;<\/a><\/em><\/strong><em>e receba conte\u00fados exclusivos direto no seu celular.<\/em><\/p>\n\n\n\n<p><\/p>\n","protected":false},"excerpt":{"rendered":"<p>As novas promessas se apoiam em uma d\u00e9cada de avan\u00e7os desde o Acordo de Paris, quando a economia global&nbsp;cresceu quase 28%,&nbsp;mesmo com as emiss\u00f5es aumentando apenas 3%. ___________ Mais de 100 pa\u00edses aproveitaram a C\u00fapula do Clima do Secret\u00e1rio-Geral da ONU em Nova York para apresentar&nbsp;novos planos e metas&nbsp;antes da COP30 em Bel\u00e9m, em novembro. [&hellip;]<\/p>\n","protected":false},"author":2,"featured_media":8436,"comment_status":"open","ping_status":"open","sticky":false,"template":"","format":"standard","meta":{"footnotes":""},"categories":[29],"tags":[82,37,33,85,84,86,42,83],"class_list":["post-8435","post","type-post","status-publish","format-standard","has-post-thumbnail","hentry","category-cop30","tag-acordo-de-paris","tag-belem","tag-cop30","tag-eua","tag-governo-federal","tag-meta-climatica","tag-onu","tag-presidente-lula"],"_links":{"self":[{"href":"https:\/\/cartaamazonia.com.br\/carta-maps-cop30\/wp-json\/wp\/v2\/posts\/8435","targetHints":{"allow":["GET"]}}],"collection":[{"href":"https:\/\/cartaamazonia.com.br\/carta-maps-cop30\/wp-json\/wp\/v2\/posts"}],"about":[{"href":"https:\/\/cartaamazonia.com.br\/carta-maps-cop30\/wp-json\/wp\/v2\/types\/post"}],"author":[{"embeddable":true,"href":"https:\/\/cartaamazonia.com.br\/carta-maps-cop30\/wp-json\/wp\/v2\/users\/2"}],"replies":[{"embeddable":true,"href":"https:\/\/cartaamazonia.com.br\/carta-maps-cop30\/wp-json\/wp\/v2\/comments?post=8435"}],"version-history":[{"count":3,"href":"https:\/\/cartaamazonia.com.br\/carta-maps-cop30\/wp-json\/wp\/v2\/posts\/8435\/revisions"}],"predecessor-version":[{"id":8439,"href":"https:\/\/cartaamazonia.com.br\/carta-maps-cop30\/wp-json\/wp\/v2\/posts\/8435\/revisions\/8439"}],"wp:featuredmedia":[{"embeddable":true,"href":"https:\/\/cartaamazonia.com.br\/carta-maps-cop30\/wp-json\/wp\/v2\/media\/8436"}],"wp:attachment":[{"href":"https:\/\/cartaamazonia.com.br\/carta-maps-cop30\/wp-json\/wp\/v2\/media?parent=8435"}],"wp:term":[{"taxonomy":"category","embeddable":true,"href":"https:\/\/cartaamazonia.com.br\/carta-maps-cop30\/wp-json\/wp\/v2\/categories?post=8435"},{"taxonomy":"post_tag","embeddable":true,"href":"https:\/\/cartaamazonia.com.br\/carta-maps-cop30\/wp-json\/wp\/v2\/tags?post=8435"}],"curies":[{"name":"wp","href":"https:\/\/api.w.org\/{rel}","templated":true}]}}