{"id":8506,"date":"2025-10-04T19:55:16","date_gmt":"2025-10-04T22:55:16","guid":{"rendered":"https:\/\/cartaamazonia.com.br\/carta-maps-cop30\/?p=8506"},"modified":"2025-10-04T19:55:16","modified_gmt":"2025-10-04T22:55:16","slug":"belem-tera-pontos-de-informacao-turistica-do-mtur-durante-a-cop30","status":"publish","type":"post","link":"https:\/\/cartaamazonia.com.br\/carta-maps-cop30\/2025\/10\/04\/belem-tera-pontos-de-informacao-turistica-do-mtur-durante-a-cop30\/","title":{"rendered":"Bel\u00e9m ter\u00e1 pontos de informa\u00e7\u00e3o tur\u00edstica do MTur durante a COP30"},"content":{"rendered":"\n<p class=\"has-text-align-center\"><em>Os pontos de Informa\u00e7\u00e3o Tur\u00edstica ser\u00e3o instalados em locais estrat\u00e9gicos de Bel\u00e9m, incluindo \u00e1reas de grande fluxo de visitantes, como o Aeroporto Internacional, a Esta\u00e7\u00e3o das Docas e as zonas Verde e Azul da COP30.<\/em><\/p>\n\n\n\n<p class=\"has-white-color has-text-color has-link-color wp-elements-fd5642aebcddd822527199ce69f4372b\"><strong>_________<\/strong><\/p>\n\n\n\n<p>A capital do Par\u00e1 ter\u00e1 Pontos de Informa\u00e7\u00e3o Tur\u00edstica (PITs) com informa\u00e7\u00f5es bil\u00edngues para acolhimento aos visitantes que participar\u00e3o da COP30, em novembro. Diante da expectativa de receber mais de 40 mil visitantes na Confer\u00eancia Mundial do Clima, as estruturas trar\u00e3o informa\u00e7\u00f5es sobre a cidade em pontos de grande circula\u00e7\u00e3o e estrat\u00e9gicos do evento. O an\u00fancio foi feito pelo ministro do Turismo, Celso Sabino, durante agenda com o presidente Lula nesta quinta-feira (02\/10), em Bel\u00e9m, para a inaugura\u00e7\u00e3o do Parque Linear da Nova Doca.<\/p>\n\n\n\n<p>O Protocolo de inten\u00e7\u00f5es que viabiliza a instala\u00e7\u00e3o dos PITs faz parte de um acordo que une esfor\u00e7os do Minist\u00e9rio do Turismo, da Secretaria Extraordin\u00e1ria para a COP 30, da Embratur, do Governo do Par\u00e1 e da Prefeitura de Bel\u00e9m.<\/p>\n\n\n\n<p>O ministro Celso Sabino destacou que os Pontos de Informa\u00e7\u00e3o Tur\u00edstica refor\u00e7am a import\u00e2ncia da COP 30 como um marco para o turismo amaz\u00f4nico.<\/p>\n\n\n\n<p>\u201cEsse acolhimento com os pontos de informa\u00e7\u00e3o posicionados estrategicamente v\u00e3o mostrar ao mundo o potencial do Par\u00e1 e do Brasil, oferecendo uma experi\u00eancia acolhedora, informativa, alinhada \u00e0 sustentabilidade e fortalecendo o legado da COP da Amaz\u00f4nia para o turismo nacional\u201d, afirmou o ministro.<\/p>\n\n\n\n<p>A visita do presidente da Rep\u00fablica \u00e0 cidade teve como objetivo entregar obras da COP30 e anunciar novos investimentos, e os PITs fazem parte da estrat\u00e9gia do turismo para atender o grande p\u00fablico esperados no encontro.<\/p>\n\n\n\n<p>O presidente Lula agradeceu o empenho do ministro Celso Sabino na prepara\u00e7\u00e3o da COP30 e frisou que o encontro deste ano vai refor\u00e7ar a imagem positiva do Brasil no exterior.<\/p>\n\n\n\n<p>\u201cN\u00f3s vamos virar motivo de orgulho para o mundo a partir dessa COP. Aqui, quando a gente resolve trabalhar com o governo municipal, o governo estadual e o governo federal juntos, ningu\u00e9m consegue segurar. A gente quer ser o exemplo mundial de defesa do clima\u201d, declarou Lula.<\/p>\n\n\n\n<p>Ao ressaltar os excelentes n\u00fameros da atividade tur\u00edstica brasileira na sua fala, Celso Sabino ressaltou que os esfor\u00e7os do governo federal v\u00eam mudando a hist\u00f3ria do turismo do Brasil.<\/p>\n\n\n\n<p>\u201cPresidente Lula, seu governo est\u00e1 escrevendo uma nova hist\u00f3ria no turismo brasileiro e amaz\u00f4nico. Semana passada, recebemos o turista de n\u00famero 7 milh\u00f5es no Brasil, e at\u00e9 dezembro de 2025 o seu governo vai registrar a marca hist\u00f3rica de 10 milh\u00f5es de turistas. O resultado mais gratificante \u00e9 o que toca o cidad\u00e3o: a gera\u00e7\u00e3o de empregos. Desde 2023, foram mais de 500 mil vagas com carteira assinada criadas em atividades ligadas ao turismo\u201d, enfatizou o ministro do Turismo.<\/p>\n\n\n\n<p>Tamb\u00e9m participaram do an\u00fancio o governador do Par\u00e1, Helder Barbalho; o prefeito de Bel\u00e9m, Igor Normando; o diretor-geral da Itaipu Binacional, Enio Verri; o ministro das Cidades, Jader Filho, e o presidente do BNDES, Aloizio Mercadante, entre v\u00e1rias outras autoridades.<\/p>\n\n\n\n<p><strong>Pontos de Informa\u00e7\u00e3o<\/strong><\/p>\n\n\n\n<p>A instala\u00e7\u00e3o dos Pontos de Informa\u00e7\u00e3o Tur\u00edstica ser\u00e1 realizada em pontos estrat\u00e9gicos de Bel\u00e9m, incluindo \u00e1reas de grande fluxo de visitantes, como o Aeroporto Internacional, a Esta\u00e7\u00e3o das Docas, os arredores da Bas\u00edlica de Nazar\u00e9 e as zonas Verde e Azul da COP30.<\/p>\n\n\n\n<p>As unidades v\u00e3o oferecer atendimento bil\u00edngue, informa\u00e7\u00f5es sobre roteiros culturais, gastron\u00f4micos e de ecoturismo, al\u00e9m de orienta\u00e7\u00f5es sobre servi\u00e7os essenciais, como sa\u00fade, seguran\u00e7a e transportes.<\/p>\n\n\n\n<p>Tamb\u00e9m est\u00e3o previstas a\u00e7\u00f5es interativas, a disponibiliza\u00e7\u00e3o de totens digitais, estandes tem\u00e1ticos e a distribui\u00e7\u00e3o de materiais sustent\u00e1veis e informativos, refor\u00e7ando a imagem de um Brasil comprometido com a biodiversidade e o turismo respons\u00e1vel.<\/p>\n\n\n\n<p>A rede de PITs oferecer\u00e1 suporte durante a COP30, mas tamb\u00e9m ser\u00e1 um legado duradouro para o turismo de Bel\u00e9m e do Par\u00e1, consolidando a cidade como destino estrat\u00e9gico para o ecoturismo, o turismo cultural e de base comunit\u00e1ria.<\/p>\n\n\n\n<p>______________________________<\/p>\n\n\n\n<p><em>Com informa\u00e7\u00f5es da Ag\u00eancia Gov<\/em><\/p>\n\n\n\n<p><em>Foto de capa: &nbsp;Alexandre Costa \/ Ag. Par\u00e1<\/em><\/p>\n\n\n\n<p class=\"has-vivid-red-color has-text-color has-link-color wp-elements-53146716628a2e34da2575b0bd50ee17\"><em>Fique por dentro das \u00faltimas not\u00edcias da ag\u00eancia Carta Amaz\u00f4nia.&nbsp;<strong>Participe do nosso&nbsp;<a href=\"https:\/\/www.whatsapp.com\/channel\/0029Vajcelz8qIzmGGHSAR3L?fbclid=PAZXh0bgNhZW0CMTEAAad4zptZku8bM5RvuzeBp5bKxAsCx5uZxJVMMo9AiU6uH1-8OeuHZas9k_jRHA_aem_LQtSLHIyPsx2yDrrXsDD_w\">canal no WhatsApp<\/a>&nbsp;e<\/strong>&nbsp;receba conte\u00fados exclusivos direto no seu celular.<\/em><\/p>\n\n\n\n<p><\/p>\n","protected":false},"excerpt":{"rendered":"<p>Os pontos de Informa\u00e7\u00e3o Tur\u00edstica ser\u00e3o instalados em locais estrat\u00e9gicos de Bel\u00e9m, incluindo \u00e1reas de grande fluxo de visitantes, como o Aeroporto Internacional, a Esta\u00e7\u00e3o das Docas e as zonas Verde e Azul da COP30. _________ A capital do Par\u00e1 ter\u00e1 Pontos de Informa\u00e7\u00e3o Tur\u00edstica (PITs) com informa\u00e7\u00f5es bil\u00edngues para acolhimento aos visitantes que participar\u00e3o [&hellip;]<\/p>\n","protected":false},"author":2,"featured_media":8507,"comment_status":"open","ping_status":"open","sticky":false,"template":"","format":"standard","meta":{"footnotes":""},"categories":[29],"tags":[36,37,33,100,99,42,101,83],"class_list":["post-8506","post","type-post","status-publish","format-standard","has-post-thumbnail","hentry","category-cop30","tag-amazonia","tag-belem","tag-cop30","tag-governo-do-para","tag-ministerio-do-turismo","tag-onu","tag-pontos-de-informacao-turistica-pits","tag-presidente-lula"],"_links":{"self":[{"href":"https:\/\/cartaamazonia.com.br\/carta-maps-cop30\/wp-json\/wp\/v2\/posts\/8506","targetHints":{"allow":["GET"]}}],"collection":[{"href":"https:\/\/cartaamazonia.com.br\/carta-maps-cop30\/wp-json\/wp\/v2\/posts"}],"about":[{"href":"https:\/\/cartaamazonia.com.br\/carta-maps-cop30\/wp-json\/wp\/v2\/types\/post"}],"author":[{"embeddable":true,"href":"https:\/\/cartaamazonia.com.br\/carta-maps-cop30\/wp-json\/wp\/v2\/users\/2"}],"replies":[{"embeddable":true,"href":"https:\/\/cartaamazonia.com.br\/carta-maps-cop30\/wp-json\/wp\/v2\/comments?post=8506"}],"version-history":[{"count":1,"href":"https:\/\/cartaamazonia.com.br\/carta-maps-cop30\/wp-json\/wp\/v2\/posts\/8506\/revisions"}],"predecessor-version":[{"id":8508,"href":"https:\/\/cartaamazonia.com.br\/carta-maps-cop30\/wp-json\/wp\/v2\/posts\/8506\/revisions\/8508"}],"wp:featuredmedia":[{"embeddable":true,"href":"https:\/\/cartaamazonia.com.br\/carta-maps-cop30\/wp-json\/wp\/v2\/media\/8507"}],"wp:attachment":[{"href":"https:\/\/cartaamazonia.com.br\/carta-maps-cop30\/wp-json\/wp\/v2\/media?parent=8506"}],"wp:term":[{"taxonomy":"category","embeddable":true,"href":"https:\/\/cartaamazonia.com.br\/carta-maps-cop30\/wp-json\/wp\/v2\/categories?post=8506"},{"taxonomy":"post_tag","embeddable":true,"href":"https:\/\/cartaamazonia.com.br\/carta-maps-cop30\/wp-json\/wp\/v2\/tags?post=8506"}],"curies":[{"name":"wp","href":"https:\/\/api.w.org\/{rel}","templated":true}]}}