{"id":8519,"date":"2025-10-14T00:26:23","date_gmt":"2025-10-14T03:26:23","guid":{"rendered":"https:\/\/cartaamazonia.com.br\/carta-maps-cop30\/?p=8519"},"modified":"2025-10-15T10:45:04","modified_gmt":"2025-10-15T13:45:04","slug":"mapa-do-ativismo-socioambiental-o-papel-das-organizacoes-da-sociedade-civil-na-cop30","status":"publish","type":"post","link":"https:\/\/cartaamazonia.com.br\/carta-maps-cop30\/2025\/10\/14\/mapa-do-ativismo-socioambiental-o-papel-das-organizacoes-da-sociedade-civil-na-cop30\/","title":{"rendered":"Mapa do ativismo socioambiental: o papel das organiza\u00e7\u00f5es da sociedade civil na COP30"},"content":{"rendered":"\n<p class=\"has-text-align-center\"><em>A COP30 n\u00e3o ser\u00e1 apenas um encontro de l\u00edderes, mas um verdadeiro festival de vozes, onde as organiza\u00e7\u00f5es da sociedade civil ter\u00e3o um papel fundamental.&nbsp;<br><\/em><\/p>\n\n\n\n<p class=\"has-white-color has-text-color has-link-color wp-elements-b5269f22a648d12c20bd03af5c87ea4a\"><strong>___<\/strong><\/p>\n\n\n\n<p><strong>Por Ant\u00f4nio Laranjeira<\/strong><\/p>\n\n\n\n<p><\/p>\n\n\n\n<p class=\"has-white-color has-text-color has-link-color wp-elements-b5269f22a648d12c20bd03af5c87ea4a\"><strong>___<\/strong><\/p>\n\n\n\n<p>Para compreender a dimens\u00e3o dos coletivos e organiza\u00e7\u00f5es da sociedade civil organizada sediados em Bel\u00e9m e que atuam nas \u00e1reas socioambiental e promo\u00e7\u00e3o ao debate sobre clima, a ag\u00eancia Carta Amaz\u00f4nia criou o <strong>Mapa do ativismo socioambiental da COP30<\/strong>. A proposta \u00e9 conectar o p\u00fablico com a diversidade de grupos e organiza\u00e7\u00f5es localizados na capital do Par\u00e1,&nbsp; mostrando como o ativismo local e global se unem para pautar a agenda clim\u00e1tica. A seguir, detalhamos os principais eixos que foram destacados no levantamento.&nbsp;<\/p>\n\n\n\n<p><\/p>\n\n\n\n<iframe src=\"https:\/\/www.google.com\/maps\/d\/embed?mid=1eqa9seUKfjaZPyUb0xMN15pIIRAW2-Y&#038;hl=pt-BR&#038;ehbc=2E312F\" width=\"640\" height=\"480\"><\/iframe>\n\n\n\n<p><strong>&nbsp;<\/strong><\/p>\n\n\n\n<p class=\"has-vivid-red-color has-text-color has-link-color wp-elements-5f6ca251c2bcba92479fe939cc5aacd9\"><strong>ONGs locais de Bel\u00e9m: a vanguarda da defesa amaz\u00f4nica<\/strong><\/p>\n\n\n\n<p>O cora\u00e7\u00e3o do ativismo na COP30 em Bel\u00e9m ser\u00e1, sem d\u00favida, o trabalho das organiza\u00e7\u00f5es locais. Elas representam a voz de quem vive na linha de frente dos desafios ambientais e sociais. O mapa destaca grupos que atuam em \u00e1reas cruciais, como a defesa dos direitos dos povos tradicionais, a promo\u00e7\u00e3o da sociobioeconomia e a recupera\u00e7\u00e3o de \u00e1reas degradadas.&nbsp;<\/p>\n\n\n\n<p class=\"has-black-color has-text-color has-link-color wp-elements-71a1d78832cc2ec725d3c19865a1499a\">Entre as entidades locais que atuam em defesa da floresta em p\u00e9, o<strong> <\/strong><a href=\"https:\/\/www.ift.org.br\/\"><strong>Instituto Floresta Tropical Johan Zweede (IFT)<\/strong> <\/a>\u00e9 um dos principais exemplos. Com 30 anos de atua\u00e7\u00e3o, a institui\u00e7\u00e3o \u00e9 uma refer\u00eancia internacional em dissemina\u00e7\u00e3o e aprimoramento do manejo de florestas naturais na Amaz\u00f4nia. Ao longo de tr\u00eas d\u00e9cadas, o IFT j\u00e1 qualificou mais de 8 mil pessoas na \u00e1rea de manejo florestal e acumula diversos projetos de fomento \u00e0 agroecologia e ao manejo florestal comunit\u00e1rio familiar em unidades de conserva\u00e7\u00e3o da Amaz\u00f4nia.&nbsp;<\/p>\n\n\n<div class=\"wp-block-image\">\n<figure class=\"aligncenter size-large is-resized\"><img fetchpriority=\"high\" decoding=\"async\" width=\"1024\" height=\"678\" src=\"https:\/\/cartaamazonia.com.br\/carta-maps-cop30\/wp-content\/uploads\/2025\/10\/CursoGE-1024x678.jpg\" alt=\"\" class=\"wp-image-8522\" style=\"width:801px;height:auto\" srcset=\"https:\/\/cartaamazonia.com.br\/carta-maps-cop30\/wp-content\/uploads\/2025\/10\/CursoGE-1024x678.jpg 1024w, https:\/\/cartaamazonia.com.br\/carta-maps-cop30\/wp-content\/uploads\/2025\/10\/CursoGE-300x199.jpg 300w, https:\/\/cartaamazonia.com.br\/carta-maps-cop30\/wp-content\/uploads\/2025\/10\/CursoGE-768x509.jpg 768w, https:\/\/cartaamazonia.com.br\/carta-maps-cop30\/wp-content\/uploads\/2025\/10\/CursoGE-1536x1017.jpg 1536w, https:\/\/cartaamazonia.com.br\/carta-maps-cop30\/wp-content\/uploads\/2025\/10\/CursoGE-2048x1356.jpg 2048w\" sizes=\"(max-width: 1024px) 100vw, 1024px\" \/><figcaption class=\"wp-element-caption\"><em>Cursos de manejo florestal do IFT j\u00e1 capacitaram mais de 8 mil pessoas (Foto: Ascom\/IFT)<\/em><\/figcaption><\/figure>\n<\/div>\n\n\n<p><\/p>\n\n\n\n<p class=\"has-black-color has-text-color has-link-color wp-elements-f78b84bf961fb8df329429cbbff902ce\">Outro exemplo de \u201cprata da casa\u201d que faz toda a diferen\u00e7a na defesa e conserva\u00e7\u00e3o do bioma amaz\u00f4nico \u00e9 o&nbsp;<a href=\"https:\/\/peabiru.org.br\/\"> <strong>Instituto Peabiru<\/strong><\/a>. Com mais de 20 anos de hist\u00f3ria, a ONG tem como miss\u00e3o fomentar o protagonismo de grupos sociais da Amaz\u00f4nia para a promo\u00e7\u00e3o do pleno acesso aos seus direitos fundamentais. Com sede em Bel\u00e9m, Par\u00e1, a entidade trabalha atualmente com projetos em tr\u00eas regi\u00f5es estrat\u00e9gicas do Par\u00e1: a Grande Bel\u00e9m, o Maraj\u00f3 e o Nordeste Paraense.<\/p>\n\n\n\n<p class=\"has-black-color has-text-color has-link-color wp-elements-f7ad07725289ed5f12f16e11c621a285\">E quando o assunto \u00e9 o monitoramento do desmatamento de maneira independente do governo, a maior refer\u00eancia do pa\u00eds tamb\u00e9m nasceu em Bel\u00e9m. Fundado em 1990, o&nbsp; <strong><a href=\"https:\/\/imazon.org.br\/\">Instituto do Homem e Meio Ambiente da Amaz\u00f4nia (Imazon)<\/a><\/strong> \u00e9 reconhecido internacionalmente pela promo\u00e7\u00e3o do desenvolvimento sustent\u00e1vel na Amaz\u00f4nia brasileira por meio de estudos, apoio \u00e0 formula\u00e7\u00e3o de pol\u00edticas p\u00fablicas, dissemina\u00e7\u00e3o ampla de informa\u00e7\u00f5es e forma\u00e7\u00e3o profissional.&nbsp;<\/p>\n\n\n\n<p class=\"has-white-color has-text-color has-link-color wp-elements-944b3c513281e5fb5e2a9206d6f330fa\"><strong>_____<\/strong><\/p>\n\n\n\n<p class=\"has-vivid-red-color has-text-color has-link-color wp-elements-f341565b5ef9dbecf1c723884b14ff42\"><strong>ONGs Nacionais e da Amaz\u00f4nia: a ponte entre o local e o nacional<\/strong><\/p>\n\n\n\n<p>Al\u00e9m das organiza\u00e7\u00f5es locais, Bel\u00e9m receber\u00e1 o peso do ativismo nacional, com ONGs que atuam em todo o Brasil e que t\u00eam na Amaz\u00f4nia seu principal foco de trabalho. A presen\u00e7a delas \u00e9 estrat\u00e9gica para dar escala \u00e0s pautas regionais e conectar as discuss\u00f5es de Bel\u00e9m com as pol\u00edticas p\u00fablicas em \u00e2mbito nacional.<\/p>\n\n\n\n<p class=\"has-black-color has-text-color has-link-color wp-elements-6c2f78c2ec86b4537d4b16fc6e1eb9f2\">Entre os exemplos catalogados no mapa est\u00e3o iniciativas&nbsp; como o <strong><a href=\"https:\/\/iieb.org.br\/\">Instituto Internacional de Educa\u00e7\u00e3o do Brasil (IEB)<\/a><\/strong>,&nbsp; uma organiza\u00e7\u00e3o civil, sem fins lucrativos, voltada para a capacita\u00e7\u00e3o e forma\u00e7\u00e3o de pessoas ligadas \u00e0 conserva\u00e7\u00e3o ambiental. Com sede em Bras\u00edlia (DF), o IEB possui tamb\u00e9m escrit\u00f3rios regionais instalados em Bel\u00e9m (PA) e Humait\u00e1 (AM), com atua\u00e7\u00e3o&nbsp; permanente nos Estados do Par\u00e1, Amazonas e Amap\u00e1.&nbsp;<\/p>\n\n\n\n<p class=\"has-black-color has-text-color has-link-color wp-elements-189d6792c93a7199851c982003d1f792\">Outro organiza\u00e7\u00e3o em destaque no levantamento do Carta Maps \u00e9 o<a href=\"https:\/\/ipam.org.br\/pt\/\"> <strong>IPAM <\/strong>&#8211; <strong>Instituto de Pesquisa Ambiental da Amaz\u00f4nia<\/strong><\/a><strong>,<\/strong> uma organiza\u00e7\u00e3o cient\u00edfica, n\u00e3o governamental, apartid\u00e1ria e sem fins lucrativos que desde 1995 trabalha pelo desenvolvimento sustent\u00e1vel da Amaz\u00f4nia. Al\u00e9m de Bel\u00e9m, o IPAM tamb\u00e9m possui escrit\u00f3rios em Bras\u00edlia (DF), Rio Branco (AC), Altamira (PA),&nbsp; Itaituba&nbsp; (PA), Santar\u00e9m (PA), Canarana (MT) e Cuiab\u00e1 (MT).&nbsp;<\/p>\n\n\n\n<p class=\"has-white-color has-text-color has-link-color wp-elements-f7159f2f6af48a590318dc90a9cce225\"><strong>=====<\/strong><\/p>\n\n\n\n<p class=\"has-vivid-red-color has-text-color has-link-color wp-elements-4ce08b10e8f9a4d17b4a0955b2dad7f4\"><strong>ONGs internacionais e suas &#8220;casas&#8221; na COP30: o cen\u00e1rio global em Bel\u00e9m<\/strong><\/p>\n\n\n\n<p>Uma das caracter\u00edsticas mais not\u00e1veis das COPs \u00e9 a presen\u00e7a de organiza\u00e7\u00f5es internacionais, que montam suas sedes tempor\u00e1rias para a confer\u00eancia. Essas &#8220;casas&#8221; s\u00e3o pontos de encontro, debates e eventos paralelos, e seu mapa poder\u00e1 detalhar a programa\u00e7\u00e3o de cada uma.<\/p>\n\n\n\n<p class=\"has-black-color has-text-color has-link-color wp-elements-203290b00dabcf43a9c8408dfff605cf\">A<strong> <a href=\"https:\/\/www.conservation.org\/brasil\">Conserva\u00e7\u00e3o Internacional (CI-Brasil)<\/a><\/strong> e a <a href=\"https:\/\/www.tnc.org.br\/\"><strong>The Nature Conservancy (TNC)<\/strong>,<\/a> duas das maiores ONGs de conserva\u00e7\u00e3o ambiental do mundo, estar\u00e3o \u00e0 frente do&nbsp; espa\u00e7o Bel\u00e9m+10: Clima, Natureza e Desenvolvimento. A iniciativa tem como miss\u00e3o ser um espa\u00e7o plural que fomenta di\u00e1logos entre a sociedade civil global, l\u00edderes de governos nacionais e subnacionais e a iniciativa privada para a constru\u00e7\u00e3o de solu\u00e7\u00f5es. O pavilh\u00e3o ter\u00e1 150 metros quadrados na Zona Verde da COP30, com rodas de conversa, exposi\u00e7\u00f5es, apresenta\u00e7\u00f5es culturais e sala de reuni\u00e3o para encontros agendados. O espa\u00e7o tamb\u00e9m conta com o apoio do<a href=\"https:\/\/climaesociedade.org\/\"> <strong>Instituto Clima e Sociedade (ICS<\/strong><\/a><strong>)<\/strong>, organiza\u00e7\u00e3o brasileira que \u00e9 refer\u00eancia em projetos de enfrentamento das mudan\u00e7as clim\u00e1ticas e solu\u00e7\u00f5es sustent\u00e1veis.&nbsp;&nbsp;<\/p>\n\n\n\n<p class=\"has-black-color has-text-color has-link-color wp-elements-fbae2344a8c5c0c9f74bafed47161b0f\">A<a href=\"https:\/\/thedialogue.org\/\"> <strong>Inter-American Dialogue<\/strong><\/a>, uma organiza\u00e7\u00e3o norte-americana, sediada Washington, refer\u00eancia de fomento \u00e0 redes de coopera\u00e7\u00e3o e a\u00e7\u00e3o de inclus\u00e3o social e desenvolvimento sustent\u00e1vel nas Am\u00e9ricas, tamb\u00e9m ter\u00e1 uma casa durante a Confer\u00eancia Mundial do Clima, em Bel\u00e9m. A Casa Di\u00e1logo ser\u00e1 o principal espa\u00e7o do Inter-American Dialogue na COP30. O local reunir\u00e1 lideran\u00e7as empresariais, acad\u00eamicas e representantes da sociedade civil a fim de conectar o conhecimento t\u00e9cnico e cient\u00edfico produzido por institui\u00e7\u00f5es de excel\u00eancia com as pr\u00e1ticas e experi\u00eancias locais, ampliando a compreens\u00e3o global sobre a import\u00e2ncia da Amaz\u00f4nia para o equil\u00edbrio do planeta e fortalecendo pontes entre governos, setor privado e comunidades.<\/p>\n\n\n\n<p class=\"has-black-color has-text-color has-link-color wp-elements-e2662f4f8c83665a638c439d48ca765b\">Outro exemplo de organiza\u00e7\u00e3o internacional que estar\u00e1 com uma casa na sede da COP30 \u00e9 a <strong><a href=\"https:\/\/alianzafondosdelsur.org\/\">Alianza Socioambiental Fondos del Sur.<\/a><\/strong> A Alian\u00e7a re\u00fane fundos socioambientais independentes de todo o Sul Global para financiar projetos de conserva\u00e7\u00e3o de florestas e prote\u00e7\u00e3o de lideran\u00e7as do ativismo socioambiental amea\u00e7adas.&nbsp; A organiza\u00e7\u00e3o \u00e9 respons\u00e1vel pela Casa do Sul Global, uma iniciativa promovida junto com a Rede Comu\u00e1 e em parceria com a Rede de Fundos Comunit\u00e1rios da Amaz\u00f4nia Brasileira e o movimento #ShiftThePower. O objetivo \u00e9 incidir nos debates sobre financiamento para clima e natureza, promovendo uma l\u00f3gica mais justa e descentralizada, transformando o financiamento em uma ferramenta de justi\u00e7a socioambiental para comunidades dos territ\u00f3rios do Sul Global.<\/p>\n\n\n\n<p class=\"has-white-color has-text-color has-link-color wp-elements-8774c3ff7cfd815f60d629dce6c77e06\"><strong>__<\/strong><\/p>\n\n\n\n<p class=\"has-vivid-red-color has-text-color has-link-color wp-elements-3f46989954881eac9051f0dd913a2ec8\"><strong>Casas de fomento ao debates sobre sustentabilidade e organiza\u00e7\u00e3o coletiva<\/strong><\/p>\n\n\n\n<p>O mapeamento tamb\u00e9m destaca os espa\u00e7os de programa\u00e7\u00f5es independentes e conte\u00fado de qualidade para mergulhar fundo nas tem\u00e1ticas de sustentabilidade e mudan\u00e7as clim\u00e1ticas. Entre as iniciativas podemos citar:<\/p>\n\n\n\n<p><strong>Casa Futura <\/strong>&#8211; o espa\u00e7o \u00e9 uma iniciativa da Funda\u00e7\u00e3o Roberto Marinho, por meio do Canal Futura. A proposta da casa \u00e9 promover&nbsp; encontros e di\u00e1logos sobre educa\u00e7\u00e3o, cultura e clima em Bel\u00e9m.  Durante tr\u00eas meses, o local sediar\u00e1 uma s\u00e9rie de atividades produzidas em parceria do Canal Futura com organiza\u00e7\u00f5es locais. <\/p>\n\n\n\n<p><\/p>\n\n\n<div class=\"wp-block-image\">\n<figure class=\"aligncenter size-full is-resized\"><img decoding=\"async\" width=\"768\" height=\"532\" src=\"https:\/\/cartaamazonia.com.br\/carta-maps-cop30\/wp-content\/uploads\/2025\/10\/Casa-Futura-2-768x532-1.jpg\" alt=\"\" class=\"wp-image-8521\" style=\"width:800px;height:auto\" srcset=\"https:\/\/cartaamazonia.com.br\/carta-maps-cop30\/wp-content\/uploads\/2025\/10\/Casa-Futura-2-768x532-1.jpg 768w, https:\/\/cartaamazonia.com.br\/carta-maps-cop30\/wp-content\/uploads\/2025\/10\/Casa-Futura-2-768x532-1-300x208.jpg 300w\" sizes=\"(max-width: 768px) 100vw, 768px\" \/><figcaption class=\"wp-element-caption\"><em>Localizado na regi\u00e3o central de Bel\u00e9m, a Casa Futura convida moradores e visitantes a debaterem temas atuais \u00e0 luz das discuss\u00f5es sobre mudan\u00e7as clim\u00e1ticas (Foto: Jorge Ramos)<\/em><\/figcaption><\/figure>\n<\/div>\n\n\n<p><\/p>\n\n\n\n<p><\/p>\n\n\n\n<p><strong>Casa Marak\u00e1<\/strong> &#8211; organizada pelo Coletivo M\u00eddia Ind\u00edgena, em Bel\u00e9m, a casa funciona como um centro de comunica\u00e7\u00e3o popular e ind\u00edgena que abriga reda\u00e7\u00e3o, salas de produ\u00e7\u00e3o audiovisual, galeria de arte com curadoria de artistas ind\u00edgenas e audit\u00f3rio com capacidade para mais de 400 pessoas.&nbsp;<\/p>\n\n\n\n<p class=\"has-black-color has-text-color has-link-color wp-elements-165e0cfa27b7ff312d733dc585d4f298\"><strong>Casa IP\u00ca <\/strong>&#8211; o espa\u00e7o \u00e9 uma iniciativa do <strong><a href=\"https:\/\/ipe.org.br\/\">IP\u00ca &#8211; Instituto de Pesquisas Ecol\u00f3gicas <\/a><\/strong>em parceria com as Havaianas e a Sol de Janeiro. O local concentra diversas atividades do instituto durante a COP30, em Bel\u00e9m. Fundado em 1992, o IP\u00ca \u00e9 uma organiza\u00e7\u00e3o n\u00e3o governamental brasileira que atua com a\u00e7\u00f5es de conserva\u00e7\u00e3o socioambiental em diversos biomas do pa\u00eds.<\/p>\n\n\n<div class=\"wp-block-image\">\n<figure class=\"aligncenter size-large is-resized\"><img decoding=\"async\" width=\"948\" height=\"1024\" src=\"https:\/\/cartaamazonia.com.br\/carta-maps-cop30\/wp-content\/uploads\/2025\/10\/A-Casa-IPE-e-uma-das-organizacoes-mapeadas-no-projeto_credito-1-948x1024.jpg\" alt=\"\" class=\"wp-image-8556\" style=\"width:800px;height:auto\" srcset=\"https:\/\/cartaamazonia.com.br\/carta-maps-cop30\/wp-content\/uploads\/2025\/10\/A-Casa-IPE-e-uma-das-organizacoes-mapeadas-no-projeto_credito-1-948x1024.jpg 948w, https:\/\/cartaamazonia.com.br\/carta-maps-cop30\/wp-content\/uploads\/2025\/10\/A-Casa-IPE-e-uma-das-organizacoes-mapeadas-no-projeto_credito-1-278x300.jpg 278w, https:\/\/cartaamazonia.com.br\/carta-maps-cop30\/wp-content\/uploads\/2025\/10\/A-Casa-IPE-e-uma-das-organizacoes-mapeadas-no-projeto_credito-1-768x830.jpg 768w, https:\/\/cartaamazonia.com.br\/carta-maps-cop30\/wp-content\/uploads\/2025\/10\/A-Casa-IPE-e-uma-das-organizacoes-mapeadas-no-projeto_credito-1.jpg 960w\" sizes=\"(max-width: 948px) 100vw, 948px\" \/><figcaption class=\"wp-element-caption\"><em>A Casa IP\u00ca \u00e9 uma das organiza\u00e7\u00f5es mapeadas no projeto (Foto: Arquivo IP\u00ca <\/em>)<\/figcaption><\/figure>\n<\/div>\n\n\n<p><\/p>\n\n\n\n<p class=\"has-black-color has-text-color has-link-color wp-elements-36fc1a9bed4d0b12f9fabee077e104a5\"><strong>Casa da Sociobioeconomia <\/strong>&#8211; principal espa\u00e7o da<a href=\"https:\/\/www.conexsus.org\/\"> <strong>Conexsus <\/strong><\/a>durante a COP30, a Casa da Sociobieconomia \u00e9 um local de fomento \u00e0 neg\u00f3cios de impacto socioambiental, sobretudo os de base comunit\u00e1ria, para ampliar a sua contribui\u00e7\u00e3o para a gera\u00e7\u00e3o de renda no campo, conserva\u00e7\u00e3o de biomas amea\u00e7ados e manuten\u00e7\u00e3o da floresta em p\u00e9. A iniciativa pretende ser um ponto de encontro de lideran\u00e7as comunit\u00e1rias, organiza\u00e7\u00f5es da sociedade civil, governos e financiadores que reconhecem a sociobioeconomia como caminho essencial para enfrentar a crise clim\u00e1tica e promover o desenvolvimento sustent\u00e1vel na Amaz\u00f4nia.<\/p>\n\n\n\n<p class=\"has-black-color has-text-color has-link-color wp-elements-5651fbc6b6921a3a8bb39b7bc496b4ba\"><strong>Amazon Climate Hub<\/strong> &#8211; a Amazon Climate HUB \u00e9 uma iniciativa do <strong><a href=\"https:\/\/amazonclimatehub.org\/?page_id=56\">Instituto Internacional Arayara<\/a><\/strong>. O espa\u00e7o concentra diversas atividades sobre justi\u00e7a clim\u00e1tica e contar\u00e1 com uma programa\u00e7\u00e3o gratuita durante a COP30. . A ideia \u00e9 atrair ONGs, lideran\u00e7as ind\u00edgenas, governos e pesquisadores e estimular a conviv\u00eancia entre tecnologia e ancestralidade, ci\u00eancia e pol\u00edtica.<\/p>\n\n\n\n<p class=\"has-black-color has-text-color has-link-color wp-elements-f94885f07b3648f155347d4bc6537120\"><strong>Casa das ONGs<\/strong> &#8211;&nbsp; o espa\u00e7o \u00e9 uma iniciativa da <strong><a href=\"https:\/\/abong.org.br\/\">Associa\u00e7\u00e3o Brasileira de Organiza\u00e7\u00f5es N\u00e3o Governamentais (Abong)<\/a><\/strong>, com participa\u00e7\u00e3o da Rede Cardume de comunica\u00e7\u00e3o. A proposta busca promover debates entre organiza\u00e7\u00f5es da sociedade civil durante a COP30, desenvolvendo estrat\u00e9gias coletivas de atua\u00e7\u00e3o e pautando as necessidades para o pr\u00f3ximo per\u00edodo. Segundo os organizadores, a ideia \u00e9 criar um local de socializa\u00e7\u00e3o entre sociedade civil, formadores de opini\u00e3o, imprensa e financiadores.<\/p>\n\n\n<div class=\"wp-block-image\">\n<figure class=\"aligncenter size-large is-resized\"><img loading=\"lazy\" decoding=\"async\" width=\"768\" height=\"1024\" src=\"https:\/\/cartaamazonia.com.br\/carta-maps-cop30\/wp-content\/uploads\/2025\/10\/Casa-CUPULA-768x1024.jpg\" alt=\"\" class=\"wp-image-8557\" style=\"width:814px;height:auto\" srcset=\"https:\/\/cartaamazonia.com.br\/carta-maps-cop30\/wp-content\/uploads\/2025\/10\/Casa-CUPULA-768x1024.jpg 768w, https:\/\/cartaamazonia.com.br\/carta-maps-cop30\/wp-content\/uploads\/2025\/10\/Casa-CUPULA-225x300.jpg 225w, https:\/\/cartaamazonia.com.br\/carta-maps-cop30\/wp-content\/uploads\/2025\/10\/Casa-CUPULA-1152x1536.jpg 1152w, https:\/\/cartaamazonia.com.br\/carta-maps-cop30\/wp-content\/uploads\/2025\/10\/Casa-CUPULA.jpg 1200w\" sizes=\"(max-width: 768px) 100vw, 768px\" \/><figcaption class=\"wp-element-caption\"><em>Localizada no bairro do Marco, em Belem, a Casa da C\u00fapula dos Povos \u00e9 o ponto de encontro dos movimentos sociais durante a COP30  (Foto: Cleidiane Vieira) <\/em><\/figcaption><\/figure>\n<\/div>\n\n\n<p><\/p>\n\n\n\n<p class=\"has-black-color has-text-color has-link-color wp-elements-30d11b58244e038c876c1e70cfc9af31\"><strong>Casa C\u00fapula dos Povos<\/strong> &#8211; a casa funciona como um ponto de encontro, articula\u00e7\u00e3o e constru\u00e7\u00e3o coletiva para movimentos sociais e populares que integram a <strong><a href=\"https:\/\/cupuladospovoscop30.org\/\">C\u00fapula dos Povos<\/a>,<\/strong> marcada para ocorrer entre 12 e 16 de novembro de 2025, no campus da Universidade Federal do Par\u00e1 (UFPA), em paralelo \u00e0 COP30.&nbsp;<\/p>\n\n\n\n<p class=\"has-black-color has-text-color has-link-color wp-elements-94375f2f9370ef675b261b20ede7555a\"><strong><a href=\"https:\/\/www.google.com\/maps\/d\/viewer?mid=1eqa9seUKfjaZPyUb0xMN15pIIRAW2-Y&amp;hl=pt-BR&amp;femb=1&amp;ll=-1.4305760419218738%2C-48.47552778519199&amp;z=12\">Confira o mapa e conhe\u00e7a essas e outras importantes iniciativas<\/a><\/strong> de grupos e organiza\u00e7\u00f5es que promovem o fomento \u00e0 conserva\u00e7\u00e3o ambiental, atrav\u00e9s de encontros e di\u00e1logos sobre educa\u00e7\u00e3o, cultura e clima, na capital do Par\u00e1.&nbsp;<\/p>\n\n\n\n<p><\/p>\n\n\n\n<p class=\"has-black-color has-light-green-cyan-background-color has-text-color has-background has-link-color wp-elements-b2e3a6784253d08062172341612b9f67\"><strong><a href=\"https:\/\/docs.google.com\/forms\/d\/e\/1FAIpQLSd8KrGvCbajJr2TPgQzUXopJ7QyF5W2D5Zqkg2zNWC41pDoLA\/viewform\">Acesse aqui o formul\u00e1rio para sugerir novos locais:<\/a><\/strong><\/p>\n\n\n\n<p class=\"has-white-color has-text-color has-link-color wp-elements-b5269f22a648d12c20bd03af5c87ea4a\"><strong>___<\/strong><\/p>\n\n\n\n<p><strong>Carta Maps<\/strong><\/p>\n\n\n\n<p class=\"has-black-color has-text-color has-link-color wp-elements-65da85c413f4181f410332fea7e75909\">O Carta Maps COP30 \u00e9 um projeto da ag\u00eancia Carta Amaz\u00f4nia realizado em parceria com o site&nbsp;<strong><a href=\"https:\/\/noticiadopara.com.br\/\">Not\u00edcias do Par\u00e1&nbsp;<\/a><\/strong>e com o apoio institucional da&nbsp;<strong><a href=\"https:\/\/ajor.org.br\/\">Ajor (Associa\u00e7\u00e3o de Jornalismo Digital)&nbsp;<\/a><\/strong>e da organiza\u00e7\u00e3o&nbsp;<strong><a href=\"https:\/\/rsf.org\/pt-br\">Rep\u00f3rteres Sem Fronteiras<\/a><\/strong>.<\/p>\n\n\n\n<p class=\"has-white-color has-text-color has-link-color wp-elements-4a048d008a19112585d17b9e320cf04d\"><strong>____<\/strong><\/p>\n\n\n\n<p><strong>Edi\u00e7\u00e3o: Adison Ferreira&nbsp;<\/strong><\/p>\n\n\n\n<p class=\"has-white-color has-text-color has-link-color wp-elements-b5269f22a648d12c20bd03af5c87ea4a\"><strong>___<\/strong><\/p>\n\n\n\n<p>______________________________<\/p>\n\n\n\n<p><em>Cr\u00e9dito da capa: Ant\u00f3nio Laranjeira\/ Reprodu\u00e7\u00e3o Carta Maps<\/em><\/p>\n\n\n\n<p><em>*Este conte\u00fado foi produzido: 1) coletivamente por meio de trabalho remoto (Google Workspace), 2) baseado em mapas personalizados com curadoria do conhecimento local (Google My Maps), 3) conforme dados de visitantes coletados de modo on-line (Google Maps); 4) e amparado por recursos de intelig\u00eancia artificial supervisionada por humanos (Gemini e Notebook LM).<\/em><\/p>\n\n\n\n<p><\/p>\n\n\n\n<p class=\"has-vivid-red-color has-text-color has-link-color wp-elements-4fc241d8945d44fd437d7a970c87b180\"><em>Fique por dentro das \u00faltimas not\u00edcias da ag\u00eancia Carta Amaz\u00f4nia.<\/em><strong><em>&nbsp;Participe do nosso&nbsp;<a href=\"https:\/\/www.whatsapp.com\/channel\/0029Vajcelz8qIzmGGHSAR3L?fbclid=PAZXh0bgNhZW0CMTEAAad4zptZku8bM5RvuzeBp5bKxAsCx5uZxJVMMo9AiU6uH1-8OeuHZas9k_jRHA_aem_LQtSLHIyPsx2yDrrXsDD_w\">canal no WhatsApp&nbsp;<\/a><\/em><\/strong><em>e receba conte\u00fados exclusivos direto no seu celular<\/em>.<\/p>\n","protected":false},"excerpt":{"rendered":"<p>A COP30 n\u00e3o ser\u00e1 apenas um encontro de l\u00edderes, mas um verdadeiro festival de vozes, onde as organiza\u00e7\u00f5es da sociedade civil ter\u00e3o um papel fundamental.&nbsp; ___ Por Ant\u00f4nio Laranjeira ___ Para compreender a dimens\u00e3o dos coletivos e organiza\u00e7\u00f5es da sociedade civil organizada sediados em Bel\u00e9m e que atuam nas \u00e1reas socioambiental e promo\u00e7\u00e3o ao debate [&hellip;]<\/p>\n","protected":false},"author":2,"featured_media":8520,"comment_status":"open","ping_status":"open","sticky":false,"template":"","format":"standard","meta":{"footnotes":""},"categories":[29,31],"tags":[36,37,110,33,111,39,108,109,107,106,42],"class_list":["post-8519","post","type-post","status-publish","format-standard","has-post-thumbnail","hentry","category-cop30","category-principal","tag-amazonia","tag-belem","tag-cana-futura","tag-cop30","tag-fundacao-roberto-marinho","tag-geojornalismo","tag-ift","tag-imazon","tag-ipe","tag-ongs","tag-onu"],"_links":{"self":[{"href":"https:\/\/cartaamazonia.com.br\/carta-maps-cop30\/wp-json\/wp\/v2\/posts\/8519","targetHints":{"allow":["GET"]}}],"collection":[{"href":"https:\/\/cartaamazonia.com.br\/carta-maps-cop30\/wp-json\/wp\/v2\/posts"}],"about":[{"href":"https:\/\/cartaamazonia.com.br\/carta-maps-cop30\/wp-json\/wp\/v2\/types\/post"}],"author":[{"embeddable":true,"href":"https:\/\/cartaamazonia.com.br\/carta-maps-cop30\/wp-json\/wp\/v2\/users\/2"}],"replies":[{"embeddable":true,"href":"https:\/\/cartaamazonia.com.br\/carta-maps-cop30\/wp-json\/wp\/v2\/comments?post=8519"}],"version-history":[{"count":13,"href":"https:\/\/cartaamazonia.com.br\/carta-maps-cop30\/wp-json\/wp\/v2\/posts\/8519\/revisions"}],"predecessor-version":[{"id":8559,"href":"https:\/\/cartaamazonia.com.br\/carta-maps-cop30\/wp-json\/wp\/v2\/posts\/8519\/revisions\/8559"}],"wp:featuredmedia":[{"embeddable":true,"href":"https:\/\/cartaamazonia.com.br\/carta-maps-cop30\/wp-json\/wp\/v2\/media\/8520"}],"wp:attachment":[{"href":"https:\/\/cartaamazonia.com.br\/carta-maps-cop30\/wp-json\/wp\/v2\/media?parent=8519"}],"wp:term":[{"taxonomy":"category","embeddable":true,"href":"https:\/\/cartaamazonia.com.br\/carta-maps-cop30\/wp-json\/wp\/v2\/categories?post=8519"},{"taxonomy":"post_tag","embeddable":true,"href":"https:\/\/cartaamazonia.com.br\/carta-maps-cop30\/wp-json\/wp\/v2\/tags?post=8519"}],"curies":[{"name":"wp","href":"https:\/\/api.w.org\/{rel}","templated":true}]}}