{"id":8560,"date":"2025-10-17T08:05:00","date_gmt":"2025-10-17T11:05:00","guid":{"rendered":"https:\/\/cartaamazonia.com.br\/carta-maps-cop30\/?p=8560"},"modified":"2025-10-16T23:13:05","modified_gmt":"2025-10-17T02:13:05","slug":"quilombolas-denunciam-impactos-ambientais-e-atraso-em-obras-de-compensacao-da-avenida-liberdade-na-grande-belem","status":"publish","type":"post","link":"https:\/\/cartaamazonia.com.br\/carta-maps-cop30\/2025\/10\/17\/quilombolas-denunciam-impactos-ambientais-e-atraso-em-obras-de-compensacao-da-avenida-liberdade-na-grande-belem\/","title":{"rendered":"Quilombolas denunciam impactos ambientais e atraso em obras de compensa\u00e7\u00e3o da Avenida Liberdade, na Grande Bel\u00e9m"},"content":{"rendered":"\n<p class=\"has-text-align-center\"><em>A constru\u00e7\u00e3o da via, em Ananindeua, \u00e9 apontada pelo Governo do Par\u00e1 como um legado da COP30. No entanto, moradores do Quilombo do Abacatal denunciam racismo ambiental e afirmam que a obra de um t\u00fanel para acesso \u00e0 estrada foi feita sem consulta pr\u00e9via, afetando a comunidade.<\/em><\/p>\n\n\n\n<p><\/p>\n\n\n\n<p class=\"has-white-color has-text-color has-link-color wp-elements-8774c3ff7cfd815f60d629dce6c77e06\"><strong>__<\/strong><\/p>\n\n\n\n<p><strong>Por Adison Ferreira<\/strong><\/p>\n\n\n\n<p class=\"has-white-color has-text-color has-link-color wp-elements-d348dde4c7e0eeef53711a873db96ea3\">__<\/p>\n\n\n\n<p>Um port\u00e3o de ferro, vigiado 24 horas por moradores, marca a entrada do Quilombo do Abacatal, em Ananindeua, no Par\u00e1, um territ\u00f3rio tradicional com mais de 300 anos de resist\u00eancia. \u00c0s margens do rio Uriboquinha, afluente do rio Guam\u00e1, a comunidade tem enfrentado diversos impactos socioambientais nos \u00faltimos anos, resultado da instala\u00e7\u00e3o de obras de infraestrutura nas proximidades.&nbsp;<\/p>\n\n\n\n<p>A entrada do port\u00e3o de ferro, constru\u00edda h\u00e1 11 anos, \u00e9 uma forma de evitar o acesso de pessoas n\u00e3o autorizadas e que podem representar alguma amea\u00e7a ao territ\u00f3rio. Para passar, \u00e9 preciso a libera\u00e7\u00e3o da Associa\u00e7\u00e3o de Moradores e Produtores Quilombolas de Abacatal\/Aur\u00e1 (AMPQUA).&nbsp;<\/p>\n\n\n<div class=\"wp-block-image\">\n<figure class=\"aligncenter size-large is-resized\"><img fetchpriority=\"high\" decoding=\"async\" width=\"1024\" height=\"683\" src=\"https:\/\/cartaamazonia.com.br\/carta-maps-cop30\/wp-content\/uploads\/2025\/10\/Entrada-do-Quilombo_Cicero-Pedrosa-1024x683.jpg\" alt=\"\" class=\"wp-image-8561\" style=\"width:818px;height:auto\" srcset=\"https:\/\/cartaamazonia.com.br\/carta-maps-cop30\/wp-content\/uploads\/2025\/10\/Entrada-do-Quilombo_Cicero-Pedrosa-1024x683.jpg 1024w, https:\/\/cartaamazonia.com.br\/carta-maps-cop30\/wp-content\/uploads\/2025\/10\/Entrada-do-Quilombo_Cicero-Pedrosa-300x200.jpg 300w, https:\/\/cartaamazonia.com.br\/carta-maps-cop30\/wp-content\/uploads\/2025\/10\/Entrada-do-Quilombo_Cicero-Pedrosa-768x512.jpg 768w, https:\/\/cartaamazonia.com.br\/carta-maps-cop30\/wp-content\/uploads\/2025\/10\/Entrada-do-Quilombo_Cicero-Pedrosa.jpg 1536w\" sizes=\"(max-width: 1024px) 100vw, 1024px\" \/><figcaption class=\"wp-element-caption\"><em>Portaria conta com um sistema de revezamento entre os comunit\u00e1rios para fazer a vigil\u00e2ncia no local (Foto: C\u00edcero Pedrosa Neto\/Carta Amaz\u00f4nia)<\/em><\/figcaption><\/figure>\n<\/div>\n\n\n<p><\/p>\n\n\n\n<p><\/p>\n\n\n\n<p>Mesmo assim, as orienta\u00e7\u00f5es de prote\u00e7\u00e3o ao quilombo seguem desrespeitadas. A comunidade denuncia empreendimentos como a constru\u00e7\u00e3o da avenida Liberdade, uma das principais obras de infraestrutura e mobilidade urbana em curso na Grande Bel\u00e9m. Os moradores tamb\u00e9m veem com preocupa\u00e7\u00e3o a cria\u00e7\u00e3o de um t\u00fanel conectado \u00e0 via, feito sem a consulta pr\u00e9via \u00e0 comunidade.<br><br>Com 13,4 quil\u00f4metros, a avenida \u00e9 citada pelo governo do Par\u00e1 como um dos principais legados da 30\u00aa Confer\u00eancia das Na\u00e7\u00f5es Unidas sobre Mudan\u00e7as Clim\u00e1ticas (COP30) e est\u00e1 prevista para ser entregue ainda este m\u00eas.<\/p>\n\n\n\n<p>No entanto, a rapidez para a conclus\u00e3o n\u00e3o se reflete nas obras de compensa\u00e7\u00e3o previstas para a comunidade, segundo Melina Maya, artista e educadora do territ\u00f3rio. \u201cA construtora tem intensificado os trabalhos com diversos trabalhadores na obra para seguir com esse cronograma que foi apresentado pelo governo por conta da COP30. Mas a gente n\u00e3o v\u00ea essa mesma celeridade nas obras de condicionantes do quilombo\u201d.<\/p>\n\n\n\n<p>Vanuza Cardoso, lideran\u00e7a espiritual da comunidade e integrante da sexta gera\u00e7\u00e3o de mulheres, afirma que os impactos do projeto vi\u00e1rio n\u00e3o s\u00e3o isolados, mas mais um cap\u00edtulo de uma longa hist\u00f3ria de viola\u00e7\u00f5es. \u201cOs animais est\u00e3o sendo atropelados, a produ\u00e7\u00e3o de a\u00e7a\u00ed e pupunha caiu e a especula\u00e7\u00e3o imobili\u00e1ria j\u00e1 chega \u00e0 porta\u201d, relata.<\/p>\n\n\n\n<p>A rodovia corta a vegeta\u00e7\u00e3o nativa da \u00c1rea de Prote\u00e7\u00e3o Ambiental (APA) Metropolitana de Bel\u00e9m, e passa \u00e0s margens do Parque Estadual do Utinga, que pode ter a biodiversidade impactada pela obra.&nbsp;<\/p>\n\n\n\n<p>Para o cientista social Andr\u00e9 Farias, pesquisador do N\u00facleo de Meio Ambiente da Universidade Federal do Par\u00e1 (UFPA), os impactos imediatos da avenida Liberdade incluem, por exemplo, o aumento consider\u00e1vel no transporte de cargas. Atualmente, mesmo com a avenida Perimetral, o fluxo intenso de caminh\u00f5es que levam mercadorias para embarque no porto de Vila do Conde, usando a Bernardo Say\u00e3o como rota, j\u00e1 causa problemas. Com a nova avenida, esse tr\u00e2nsito de cargas deve crescer ainda mais.<\/p>\n\n\n\n<p>\u201cEmbora o governo defenda a obra com o argumento de melhorar a mobilidade urbana, o verdadeiro objetivo por tr\u00e1s da constru\u00e7\u00e3o da avenida Liberdade \u00e9 facilitar o escoamento de mercadorias. Na pr\u00e1tica, trata-se de criar uma rota mais curta, r\u00e1pida e barata para o transporte de produtos at\u00e9 o porto de Vila do Conde. No fim das contas, essa \u00e9 a motiva\u00e7\u00e3o real por tr\u00e1s da obra, n\u00e3o \u00e9 uma avenida feita para as pessoas, mas para atender aos interesses do mercado e da log\u00edstica de cargas\u201d, afirma o pesquisador.<\/p>\n\n\n\n<iframe src=\"https:\/\/www.google.com\/maps\/d\/embed?mid=1Xwo93UF2fPzX6bo--aF-AmOrAwBErdk&#038;hl=pt_BR&#038;ehbc=2E312F\" width=\"640\" height=\"480\"><\/iframe>\n\n\n\n<p class=\"has-white-color has-text-color has-link-color wp-elements-b5269f22a648d12c20bd03af5c87ea4a\"><strong>___<\/strong><\/p>\n\n\n\n<p><strong>\u2018Ser\u00e1 que acham que somos uma fauna humana?\u2019<\/strong><\/p>\n\n\n\n<p>Os quilombolas relatam que a constru\u00e7\u00e3o do t\u00fanel para dar acesso \u00e0 avenida Liberdade foi realizada sem a devida consulta pr\u00e9via, livre e informada, como estabelece a Conven\u00e7\u00e3o 169 da Organiza\u00e7\u00e3o Internacional do Trabalho (OIT), da qual o Brasil \u00e9 signat\u00e1rio. Segundo as lideran\u00e7as, a constru\u00e7\u00e3o n\u00e3o foi deliberada em nenhuma reuni\u00e3o com os representantes do governo.<br><br>O projeto da avenida prev\u00ea 34 passagens de fauna, estruturas semelhantes \u00e0 instalada na entrada do Quilombo Abacatal, que forma o t\u00fanel de acesso ao territ\u00f3rio. Para Melina, a forma como o projeto foi conduzido mostra a falta de respeito \u00e0 popula\u00e7\u00e3o local.<\/p>\n\n\n\n<p>\u201cEles [Governo Estadual] tinham falado que esses t\u00faneis seriam apenas para o caminho dos animais.&nbsp; Ser\u00e1 que eles acham que somos uma fauna humana? Ser\u00e1 que a ideia \u00e9 colocar os moradores para usar os mesmos caminhos projetados para os animais? Para mim, isso \u00e9 mais um exemplo de racismo ambiental. O governo n\u00e3o est\u00e1 nem a\u00ed para a comunidade quilombola\u201d, questiona.&nbsp;<\/p>\n\n\n<div class=\"wp-block-image\">\n<figure class=\"alignleft size-large is-resized\"><img decoding=\"async\" width=\"1024\" height=\"678\" src=\"https:\/\/cartaamazonia.com.br\/carta-maps-cop30\/wp-content\/uploads\/2025\/10\/Tunel-de-acesso-dos-moradores-do-quilombo-na-Av.-Liberdade_credito-Adison-Ferre-5-1024x678.jpg\" alt=\"\" class=\"wp-image-8562\" style=\"width:822px;height:auto\" srcset=\"https:\/\/cartaamazonia.com.br\/carta-maps-cop30\/wp-content\/uploads\/2025\/10\/Tunel-de-acesso-dos-moradores-do-quilombo-na-Av.-Liberdade_credito-Adison-Ferre-5-1024x678.jpg 1024w, https:\/\/cartaamazonia.com.br\/carta-maps-cop30\/wp-content\/uploads\/2025\/10\/Tunel-de-acesso-dos-moradores-do-quilombo-na-Av.-Liberdade_credito-Adison-Ferre-5-300x199.jpg 300w, https:\/\/cartaamazonia.com.br\/carta-maps-cop30\/wp-content\/uploads\/2025\/10\/Tunel-de-acesso-dos-moradores-do-quilombo-na-Av.-Liberdade_credito-Adison-Ferre-5-768x509.jpg 768w, https:\/\/cartaamazonia.com.br\/carta-maps-cop30\/wp-content\/uploads\/2025\/10\/Tunel-de-acesso-dos-moradores-do-quilombo-na-Av.-Liberdade_credito-Adison-Ferre-5-1536x1017.jpg 1536w, https:\/\/cartaamazonia.com.br\/carta-maps-cop30\/wp-content\/uploads\/2025\/10\/Tunel-de-acesso-dos-moradores-do-quilombo-na-Av.-Liberdade_credito-Adison-Ferre-5-2048x1356.jpg 2048w\" sizes=\"(max-width: 1024px) 100vw, 1024px\" \/><figcaption class=\"wp-element-caption\"><em>T\u00fanel de acesso dos moradores do quilombo na Av. Liberdade (Foto: Adison Ferreira\/Carta Amaz\u00f4nia)<\/em><em><br><\/em><\/figcaption><\/figure>\n<\/div>\n\n\n<p class=\"has-white-color has-text-color has-link-color wp-elements-c645e628e62f8fbab9d9726851472d16\"><\/p>\n\n\n\n<p>O t\u00fanel tem cerca de quatro metros de escava\u00e7\u00e3o. A obra preocupa os moradores, que se sentem inseguros em trafegar pela via, pois, segundo eles, a escava\u00e7\u00e3o est\u00e1 abaixo do leito de uma nascente, pr\u00f3xima da obra. Outro receio \u00e9 que no inverno amaz\u00f4nico, entre dezembro e maio, com o aumento das chuvas na regi\u00e3o, toda a \u00e1rea escavada fique submersa.<\/p>\n\n\n\n<iframe src=\"https:\/\/www.google.com\/maps\/d\/embed?mid=17FZVh8VukmfEcqm_dny8EYeSGcUrzbg&#038;hl=pt-BR&#038;ehbc=2E312F\" width=\"640\" height=\"480\"><\/iframe>\n\n\n\n<p><\/p>\n\n\n\n<p>\u201cA empresa respons\u00e1vel pela obra colocou umas vigas de concreto e cima desse t\u00fanel, sem nenhum pilar. \u00c9 s\u00f3 barro que est\u00e1 ali sustentando aquelas estruturas. E se um neg\u00f3cio daquele cair? Porque quando chover, todo aquele barro vai deslizar. Sem contar que muitos caminh\u00f5es pesados v\u00e3o passar por cima dessa ponte. Isso \u00e9 um risco pra gente\u201d, denuncia o m\u00fasico Paulo Otas, morador da comunidade. \u00a0\u00a0<\/p>\n\n\n\n<p class=\"has-white-color has-text-color has-link-color wp-elements-944b3c513281e5fb5e2a9206d6f330fa\"><strong>_____<\/strong><\/p>\n\n\n<div class=\"wp-block-image\">\n<figure class=\"aligncenter size-large\"><img decoding=\"async\" width=\"1024\" height=\"678\" src=\"https:\/\/cartaamazonia.com.br\/carta-maps-cop30\/wp-content\/uploads\/2025\/10\/Tunel-de-acesso-dos-moradores-do-quilombo-na-Av.-Liberdade_credito-Adison-Ferre-2-1024x678.jpg\" alt=\"\" class=\"wp-image-8563\" srcset=\"https:\/\/cartaamazonia.com.br\/carta-maps-cop30\/wp-content\/uploads\/2025\/10\/Tunel-de-acesso-dos-moradores-do-quilombo-na-Av.-Liberdade_credito-Adison-Ferre-2-1024x678.jpg 1024w, https:\/\/cartaamazonia.com.br\/carta-maps-cop30\/wp-content\/uploads\/2025\/10\/Tunel-de-acesso-dos-moradores-do-quilombo-na-Av.-Liberdade_credito-Adison-Ferre-2-300x199.jpg 300w, https:\/\/cartaamazonia.com.br\/carta-maps-cop30\/wp-content\/uploads\/2025\/10\/Tunel-de-acesso-dos-moradores-do-quilombo-na-Av.-Liberdade_credito-Adison-Ferre-2-768x509.jpg 768w, https:\/\/cartaamazonia.com.br\/carta-maps-cop30\/wp-content\/uploads\/2025\/10\/Tunel-de-acesso-dos-moradores-do-quilombo-na-Av.-Liberdade_credito-Adison-Ferre-2-1536x1017.jpg 1536w, https:\/\/cartaamazonia.com.br\/carta-maps-cop30\/wp-content\/uploads\/2025\/10\/Tunel-de-acesso-dos-moradores-do-quilombo-na-Av.-Liberdade_credito-Adison-Ferre-2-2048x1356.jpg 2048w\" sizes=\"(max-width: 1024px) 100vw, 1024px\" \/><figcaption class=\"wp-element-caption\"><em>Moradores temem passar pelo t\u00fanel. (Foto: Adison Ferreira\/Carta Amaz\u00f4nia)<br><\/em><br><\/figcaption><\/figure>\n<\/div>\n\n\n<p><\/p>\n\n\n\n<p><strong>Projeto foi engavetado por mais de dez anos&nbsp;<\/strong><\/p>\n\n\n\n<p>O projeto da avenida Liberdade nasceu em 2012, ainda na gest\u00e3o do governador Sim\u00e3o Jatene (PSDB). A proposta era abrir um corredor entre Marituba, munic\u00edpio vizinho de Bel\u00e9m, e a avenida Jo\u00e3o Paulo II, na capital, facilitando o fluxo de ve\u00edculos que congestionam as avenidas Almirante Barroso e M\u00e1rio Covas e desafogando a BR-316, principal via de entrada e sa\u00edda de Bel\u00e9m.<\/p>\n\n\n\n<p class=\"has-black-color has-text-color has-link-color wp-elements-0ac5d5c9bd38454ef905ea63a0feffd1\">Mais de dez anos depois, a via reapareceu<strong>&nbsp;<\/strong><a href=\"https:\/\/cartaamazonia.com.br\/avenida-liberdade-a-nova-via-de-belem-que-nao-nasceu-com-a-cop30\/\"><strong>no discurso oficial do governo Helder Barbalho (MDB)<\/strong><\/a><strong>&nbsp;<\/strong>como resposta a engarrafamentos cr\u00f4nicos na sa\u00edda da capital pela BR-316. Em 2020, o projeto ganhou corpo nos estudos de mobilidade do governo estadual, mas s\u00f3 saiu do papel ap\u00f3s a confirma\u00e7\u00e3o de Bel\u00e9m como sede da confer\u00eancia mundial do clima.<\/p>\n\n\n\n<p>Embora o governo estadual negue qualquer rela\u00e7\u00e3o entre a obra e a COP30, o cronograma acelerado coincide com os preparativos para o evento, que ocorre a partir de novembro.<\/p>\n\n\n\n<p>Enquanto isso, para a obra da avenida Liberdade, apesar da realiza\u00e7\u00e3o de audi\u00eancias p\u00fablicas, exigidas para o licenciamento ambiental, as lideran\u00e7as do Quilombo do Abacatal afirmam que o governo n\u00e3o seguiu as recomenda\u00e7\u00f5es apresentadas pelos moradores, como garantir que as obras de compensa\u00e7\u00e3o pelos danos fossem entregues com mais agilidade.&nbsp;<\/p>\n\n\n\n<p>Isso porque, como medida de mitiga\u00e7\u00e3o e compensa\u00e7\u00e3o do projeto vi\u00e1rio, nove obras foram previstas para a comunidade, mas apenas uma est\u00e1 em andamento: a constru\u00e7\u00e3o de um Centro de Refer\u00eancia de Assist\u00eancia Social (CRAS). Os demais empreendimentos aprovados em audi\u00eancia p\u00fablica no quilombo incluem a pavimenta\u00e7\u00e3o da estrada de acesso \u00e0 comunidade, a constru\u00e7\u00e3o de uma pra\u00e7a, uma quadra de esportes, um anfiteatro, um museu, al\u00e9m da reforma da portaria e da revitaliza\u00e7\u00e3o da sede da Associa\u00e7\u00e3o Comunit\u00e1ria.<\/p>\n\n\n\n<p>Segundo Melina, a obra da estrada de acesso \u00e0 comunidade est\u00e1 prevista para iniciar somente em 2026. \u201cAs outras como pra\u00e7a, posto de sa\u00fade, museu, n\u00e3o t\u00eam nem previs\u00e3o para come\u00e7ar. S\u00f3 o CRAS que est\u00e1 sendo constru\u00eddo, mas a obra n\u00e3o avan\u00e7a. Falta material para continuar os trabalhos. Ou seja, a prioridade do governo \u00e9 s\u00f3 a avenida Liberdade. As obras condicionantes e os direitos dos quilombolas parecem n\u00e3o ter nenhuma import\u00e2ncia para eles\u201d, ressalta.<\/p>\n\n\n\n<iframe src=\"https:\/\/www.google.com\/maps\/d\/u\/0\/embed?mid=1Xwo93UF2fPzX6bo--aF-AmOrAwBErdk&#038;ehbc=2E312F\" width=\"640\" height=\"480\"><\/iframe>\n\n\n\n<p class=\"has-white-color has-text-color has-link-color wp-elements-ba64f41c1a3bb8f79b852e42ae81a954\"><strong>_<\/strong><\/p>\n\n\n\n<p><strong>Territ\u00f3rio de resist\u00eancia&nbsp;<\/strong><\/p>\n\n\n\n<p>O Quilombo do Abacatal abriga 160 fam\u00edlias que vivem no territ\u00f3rio desde 1710. De acordo com os moradores, a comunidade tem origem nos antigos engenhos de cana-de-a\u00e7\u00facar instalados pr\u00f3ximos a Bel\u00e9m, ao longo dos rios Guam\u00e1, Bujaru, Acar\u00e1 e Moju, no nordeste do Par\u00e1.<\/p>\n\n\n\n<p>Relatos orais indicam que o engenho do Uriboca, propriedade do conde Coma Mello, foi deixado como heran\u00e7a para tr\u00eas de suas filhas, as \u201ctr\u00eas Marias\u201d, fruto da rela\u00e7\u00e3o do conde com a escravizada Ol\u00edmpia. Os registros est\u00e3o no livro \u201cNo caminho de pedras de Abacatal\u201d, das professoras Rosa Acevedo e Edna Castro, da Universidade Federal do Par\u00e1 (UFPA).<\/p>\n\n\n\n<p>Embora fossem herdeiras, as tr\u00eas filhas n\u00e3o tiveram acesso imediato ao territ\u00f3rio, que permaneceu em disputa judicial por quase tr\u00eas d\u00e9cadas. Somente em 1999 a comunidade teve suas terras regularizadas pelo Instituto de Terras do Par\u00e1 (Iterpa).<\/p>\n\n\n<div class=\"wp-block-image\">\n<figure class=\"aligncenter size-large\"><img loading=\"lazy\" decoding=\"async\" width=\"1024\" height=\"642\" src=\"https:\/\/cartaamazonia.com.br\/carta-maps-cop30\/wp-content\/uploads\/2025\/10\/Santana-Costa_lideranca-comunitaria-do-quilombo_credito-Adison-Ferreira-1-1024x642.jpg\" alt=\"\" class=\"wp-image-8564\" srcset=\"https:\/\/cartaamazonia.com.br\/carta-maps-cop30\/wp-content\/uploads\/2025\/10\/Santana-Costa_lideranca-comunitaria-do-quilombo_credito-Adison-Ferreira-1-1024x642.jpg 1024w, https:\/\/cartaamazonia.com.br\/carta-maps-cop30\/wp-content\/uploads\/2025\/10\/Santana-Costa_lideranca-comunitaria-do-quilombo_credito-Adison-Ferreira-1-300x188.jpg 300w, https:\/\/cartaamazonia.com.br\/carta-maps-cop30\/wp-content\/uploads\/2025\/10\/Santana-Costa_lideranca-comunitaria-do-quilombo_credito-Adison-Ferreira-1-768x482.jpg 768w, https:\/\/cartaamazonia.com.br\/carta-maps-cop30\/wp-content\/uploads\/2025\/10\/Santana-Costa_lideranca-comunitaria-do-quilombo_credito-Adison-Ferreira-1-1536x963.jpg 1536w, https:\/\/cartaamazonia.com.br\/carta-maps-cop30\/wp-content\/uploads\/2025\/10\/Santana-Costa_lideranca-comunitaria-do-quilombo_credito-Adison-Ferreira-1-2048x1284.jpg 2048w\" sizes=\"(max-width: 1024px) 100vw, 1024px\" \/><figcaption class=\"wp-element-caption\"><em>Maria Santana da Costa, lideran\u00e7a comunit\u00e1ria do quilombo (Foto: Adison Ferreira\/Carta Amaz\u00f4nia)<br><\/em><br><\/figcaption><\/figure>\n<\/div>\n\n\n<p>Lideran\u00e7a hist\u00f3rica da comunidade, Maria Santana da Costa lutou pelo reconhecimento e a titula\u00e7\u00e3o do Quilombo do Abacatal. Hoje, ela v\u00ea com preocupa\u00e7\u00e3o as a\u00e7\u00f5es que amea\u00e7am o territ\u00f3rio e o modo de vida da comunidade.<\/p>\n\n\n\n<p>\u201cN\u00e3o \u00e9 \u00e0 toa que dizemos que o nosso territ\u00f3rio \u00e9 de resist\u00eancia. Primeiro lutamos pelo direito de existir, depois lutamos pelo direito \u00e0 titula\u00e7\u00e3o do quilombo, agora estamos lutando pelo direito \u00e0 sobreviv\u00eancia aos diversos impactos que est\u00e3o devastando a nossa comunidade.\u201d<\/p>\n\n\n\n<p>Santana afirma que o projeto da avenida Liberdade j\u00e1 causou in\u00fameros impactos no territ\u00f3rio como aumento do calor, assoreamento de igarap\u00e9s e perda de \u00e1reas tradicionalmente utilizadas para extrativismo, o que tem levado animais a invadirem planta\u00e7\u00f5es e quintais em busca de alimento, devido \u00e0 altera\u00e7\u00e3o de seus habitats.<\/p>\n\n\n\n<p>Paulo Otas, morador do quilombo, relembra que os impactos do projeto vi\u00e1rio no territ\u00f3rio do Abacatal come\u00e7aram antes mesmo do in\u00edcio da constru\u00e7\u00e3o da obra. Em 2019, ele flagrou um funcion\u00e1rio de uma empresa de engenharia tentando retirar a terra da comunidade para an\u00e1lise sem autoriza\u00e7\u00e3o.&nbsp;<\/p>\n\n\n\n<p>\u201cEra no per\u00edodo da tarde, estava no quintal da minha av\u00f3, quando vi que um homem, pilotando uma m\u00e1quina tipo trator. Ele parou aqui na frente dizendo que iria retirar um aterro para fazer um estudo de um projeto, que ele n\u00e3o detalhou qual seria. Perguntei a ele quem tinha autorizado essa retirada de terra e ele n\u00e3o respondeu nada. Na hora, mandei ele ir embora do territ\u00f3rio. Essas empresas acham que em comunidade tradicional ningu\u00e9m tem conhecimento dos seus direitos\u201d, relembra.<\/p>\n\n\n\n<p><\/p>\n\n\n<div class=\"wp-block-image\">\n<figure class=\"aligncenter size-large\"><img loading=\"lazy\" decoding=\"async\" width=\"1024\" height=\"678\" src=\"https:\/\/cartaamazonia.com.br\/carta-maps-cop30\/wp-content\/uploads\/2025\/10\/Tunel-de-acesso-dos-moradores-do-quilombo-na-Av.-Liberdade_credito-Adison-Ferre-9-1024x678.jpg\" alt=\"\" class=\"wp-image-8565\" srcset=\"https:\/\/cartaamazonia.com.br\/carta-maps-cop30\/wp-content\/uploads\/2025\/10\/Tunel-de-acesso-dos-moradores-do-quilombo-na-Av.-Liberdade_credito-Adison-Ferre-9-1024x678.jpg 1024w, https:\/\/cartaamazonia.com.br\/carta-maps-cop30\/wp-content\/uploads\/2025\/10\/Tunel-de-acesso-dos-moradores-do-quilombo-na-Av.-Liberdade_credito-Adison-Ferre-9-300x199.jpg 300w, https:\/\/cartaamazonia.com.br\/carta-maps-cop30\/wp-content\/uploads\/2025\/10\/Tunel-de-acesso-dos-moradores-do-quilombo-na-Av.-Liberdade_credito-Adison-Ferre-9-768x509.jpg 768w, https:\/\/cartaamazonia.com.br\/carta-maps-cop30\/wp-content\/uploads\/2025\/10\/Tunel-de-acesso-dos-moradores-do-quilombo-na-Av.-Liberdade_credito-Adison-Ferre-9-1536x1017.jpg 1536w, https:\/\/cartaamazonia.com.br\/carta-maps-cop30\/wp-content\/uploads\/2025\/10\/Tunel-de-acesso-dos-moradores-do-quilombo-na-Av.-Liberdade_credito-Adison-Ferre-9-2048x1356.jpg 2048w\" sizes=\"(max-width: 1024px) 100vw, 1024px\" \/><figcaption class=\"wp-element-caption\"><em>Paulo Otas, morador do quilombo, denuncia a constru\u00e7\u00e3o do t\u00fanel. A obra foi feita sem o consentimento da comunidade (Foto: Adison Ferreira\/Carta Amaz\u00f4nia)<br><\/em><br><\/figcaption><\/figure>\n<\/div>\n\n\n<p><\/p>\n\n\n\n<p>O m\u00fasico conta que se n\u00e3o tivesse flagrado aquela cena, o homem provavelmente teria levado o material para estudo, sem falar com ningu\u00e9m do territ\u00f3rio. \u201cS\u00f3 anos depois eu descobri que aquele epis\u00f3dio era o in\u00edcio dos estudos sobre a constru\u00e7\u00e3o da avenida Liberdade, que j\u00e1 come\u00e7ou de forma desrespeitosa com a comunidade\u201d, afirma.&nbsp;<\/p>\n\n\n\n<p><strong>Governo afirma que o projeto vi\u00e1rio teve participa\u00e7\u00e3o ativa da popula\u00e7\u00e3o<\/strong><\/p>\n\n\n\n<p>Procurada para comentar sobre o atraso das obras condicionantes previstas para o quilombo,&nbsp; a Secretaria de Estado de Obras P\u00fablicas (Seop) afirmou que as obras do Centro de Refer\u00eancia e Assist\u00eancia Social (CRAS) na Comunidade Quilombola do Abacatal est\u00e3o em andamento e que os outros projetos, como a constru\u00e7\u00e3o de Unidade B\u00e1sica de Sa\u00fade (UBS) e o espa\u00e7o cultural e de lazer na comunidade, que incluem o museu e o anfiteatro, ainda est\u00e3o em processo licitat\u00f3rio.&nbsp;<\/p>\n\n\n\n<p>Sobre o questionamento dos descumprimentos de acordos feitos em audi\u00eancia p\u00fablica, a Secretaria de Infraestrutura e Log\u00edstica (Seinfra) esclarece que o projeto da avenida Liberdade foi amplamente debatido em audi\u00eancias p\u00fablicas, com a participa\u00e7\u00e3o ativa da popula\u00e7\u00e3o, de lideran\u00e7as locais e de representantes de comunidades tradicionais.<\/p>\n\n\n\n<p>Segundo a nota, todos os estudos exigidos para o licenciamento foram elaborados, analisados e aprovados. \u201cAo todo, 57 condicionantes foram estabelecidas como medidas de mitiga\u00e7\u00e3o e compensa\u00e7\u00e3o, e est\u00e3o sendo devidamente cumpridas. Entre elas, destacam-se a pavimenta\u00e7\u00e3o de vias, a execu\u00e7\u00e3o das etapas de terraplenagem, base e sub-base j\u00e1 em andamento\u201d, destaca o documento.&nbsp;<\/p>\n\n\n\n<p>Sobre o t\u00fanel citado pelos moradores, a Seinfra esclarece que a obra \u00e9 um viaduto com 4,50 metros de altura e 8,60 metros de largura, constru\u00eddo de acordo com o projeto aprovado nas audi\u00eancias p\u00fablicas e validado pelos \u00f3rg\u00e3os competentes.<\/p>\n\n\n\n<p><\/p>\n\n\n\n<p><strong>Edi\u00e7\u00e3o: Samantha Rufino<\/strong><\/p>\n\n\n\n<p>______________________________<\/p>\n\n\n\n<p><em>Este conte\u00fado foi produzido com apoio do Edital de Bolsas de reportagens \u201cCOP30 em Bel\u00e9m\u201d, destinado exclusivamente aos ve\u00edculos da&nbsp;<\/em><a href=\"https:\/\/infoamazonia.org\/2022\/10\/11\/rede-cidada-infoamazonia-inicia-com-mapeamento-de-midias-no-territorio-amazonico\/\"><strong><em>Rede Cidad\u00e3 InfoAmazonia<\/em><\/strong><\/a><em>&nbsp;sediados em Bel\u00e9m e regi\u00e3o metropolitana.&nbsp;<\/em><\/p>\n\n\n\n<p><\/p>\n\n\n\n<p class=\"has-vivid-red-color has-text-color has-link-color wp-elements-4fc241d8945d44fd437d7a970c87b180\"><em>Fique por dentro das \u00faltimas not\u00edcias da ag\u00eancia Carta Amaz\u00f4nia.<\/em><strong><em>&nbsp;Participe do nosso&nbsp;<a href=\"https:\/\/www.whatsapp.com\/channel\/0029Vajcelz8qIzmGGHSAR3L?fbclid=PAZXh0bgNhZW0CMTEAAad4zptZku8bM5RvuzeBp5bKxAsCx5uZxJVMMo9AiU6uH1-8OeuHZas9k_jRHA_aem_LQtSLHIyPsx2yDrrXsDD_w\">canal no WhatsApp&nbsp;<\/a><\/em><\/strong><em>e receba conte\u00fados exclusivos direto no seu celular<\/em>.<\/p>\n\n\n\n<p><\/p>\n","protected":false},"excerpt":{"rendered":"<p>A constru\u00e7\u00e3o da via, em Ananindeua, \u00e9 apontada pelo Governo do Par\u00e1 como um legado da COP30. No entanto, moradores do Quilombo do Abacatal denunciam racismo ambiental e afirmam que a obra de um t\u00fanel para acesso \u00e0 estrada foi feita sem consulta pr\u00e9via, afetando a comunidade. __ Por Adison Ferreira __ Um port\u00e3o de [&hellip;]<\/p>\n","protected":false},"author":2,"featured_media":8567,"comment_status":"open","ping_status":"open","sticky":false,"template":"","format":"standard","meta":{"footnotes":""},"categories":[29],"tags":[36,103,47,37,38,35,112,33,39,113,114],"class_list":["post-8560","post","type-post","status-publish","format-standard","has-post-thumbnail","hentry","category-cop30","tag-amazonia","tag-ananindeua","tag-avenida-liberdade","tag-belem","tag-carta-amazonia","tag-carta-maps","tag-comunidade-quilombola","tag-cop30","tag-geojornalismo","tag-quilombo-do-abacatal","tag-seop"],"_links":{"self":[{"href":"https:\/\/cartaamazonia.com.br\/carta-maps-cop30\/wp-json\/wp\/v2\/posts\/8560","targetHints":{"allow":["GET"]}}],"collection":[{"href":"https:\/\/cartaamazonia.com.br\/carta-maps-cop30\/wp-json\/wp\/v2\/posts"}],"about":[{"href":"https:\/\/cartaamazonia.com.br\/carta-maps-cop30\/wp-json\/wp\/v2\/types\/post"}],"author":[{"embeddable":true,"href":"https:\/\/cartaamazonia.com.br\/carta-maps-cop30\/wp-json\/wp\/v2\/users\/2"}],"replies":[{"embeddable":true,"href":"https:\/\/cartaamazonia.com.br\/carta-maps-cop30\/wp-json\/wp\/v2\/comments?post=8560"}],"version-history":[{"count":8,"href":"https:\/\/cartaamazonia.com.br\/carta-maps-cop30\/wp-json\/wp\/v2\/posts\/8560\/revisions"}],"predecessor-version":[{"id":8578,"href":"https:\/\/cartaamazonia.com.br\/carta-maps-cop30\/wp-json\/wp\/v2\/posts\/8560\/revisions\/8578"}],"wp:featuredmedia":[{"embeddable":true,"href":"https:\/\/cartaamazonia.com.br\/carta-maps-cop30\/wp-json\/wp\/v2\/media\/8567"}],"wp:attachment":[{"href":"https:\/\/cartaamazonia.com.br\/carta-maps-cop30\/wp-json\/wp\/v2\/media?parent=8560"}],"wp:term":[{"taxonomy":"category","embeddable":true,"href":"https:\/\/cartaamazonia.com.br\/carta-maps-cop30\/wp-json\/wp\/v2\/categories?post=8560"},{"taxonomy":"post_tag","embeddable":true,"href":"https:\/\/cartaamazonia.com.br\/carta-maps-cop30\/wp-json\/wp\/v2\/tags?post=8560"}],"curies":[{"name":"wp","href":"https:\/\/api.w.org\/{rel}","templated":true}]}}