{"id":8586,"date":"2025-10-26T10:48:59","date_gmt":"2025-10-26T13:48:59","guid":{"rendered":"https:\/\/cartaamazonia.com.br\/carta-maps-cop30\/?p=8586"},"modified":"2025-10-27T11:31:19","modified_gmt":"2025-10-27T14:31:19","slug":"cop30-confira-mapas-e-rotas-de-acesso-aos-espacos-oficiais-da-conferencia","status":"publish","type":"post","link":"https:\/\/cartaamazonia.com.br\/carta-maps-cop30\/2025\/10\/26\/cop30-confira-mapas-e-rotas-de-acesso-aos-espacos-oficiais-da-conferencia\/","title":{"rendered":"COP30: Confira mapas e rotas de acesso aos espa\u00e7os oficiais da confer\u00eancia"},"content":{"rendered":"\n<p class=\"has-text-align-center\"><em>Participantes e delega\u00e7\u00f5es j\u00e1 podem acessar os mapas e informa\u00e7\u00f5es de mobilidade dispon\u00edveis para a Confer\u00eancia Mundial do Clima, em Bel\u00e9m<\/em><\/p>\n\n\n\n<p class=\"has-white-color has-text-color has-link-color wp-elements-45e5a4ea115085f22e868f7cb219146a\"><strong>____ <\/strong><\/p>\n\n\n\n<p>A organiza\u00e7\u00e3o da 30\u00aa Confer\u00eancia das Na\u00e7\u00f5es Unidas sobre Mudan\u00e7a do Clima (COP 30) divulgou os mapas de acesso ao local do evento em&nbsp;Bel\u00e9m. A estrat\u00e9gia de transporte criada para Bel\u00e9m vai permitir aos participantes chegarem com praticidade at\u00e9 o Parque da Cidade, onde vai acontecer a confer\u00eancia para debater o futuro da governan\u00e7a clim\u00e1tica global.<\/p>\n\n\n\n<p class=\"has-white-color has-text-color has-link-color wp-elements-b5269f22a648d12c20bd03af5c87ea4a\"><strong>___<\/strong><\/p>\n\n\n\n<p><\/p>\n\n\n\n<iframe src=\"https:\/\/www.google.com\/maps\/d\/embed?mid=1ee4g9PpFCmRnL6ol8pac6ptAee6w7Js&#038;hl=pt-BR&#038;ehbc=2E312F\" width=\"640\" height=\"480\"><\/iframe>\n\n\n\n<p class=\"has-white-color has-text-color has-link-color wp-elements-4a048d008a19112585d17b9e320cf04d\"><strong>____<\/strong><\/p>\n\n\n\n<p><strong>Transporte exclusivo para Blue Zone <\/strong><\/p>\n\n\n\n<p>Participantes da Blue Zone contar\u00e3o com um sistema de transporte exclusivo, composto por 15 linhas de \u00f4nibus. Ao todo, ser\u00e3o 250 ve\u00edculos, sendo 40 el\u00e9tricos e o restante equipado com tecnologia Euro 6 (de baixa emiss\u00e3o de poluentes), realizando trajetos espec\u00edficos at\u00e9 o Parque da Cidade. As delega\u00e7\u00f5es hospedadas nos navios MSC Seaview e Costa Diadema tamb\u00e9m ter\u00e3o acesso a esse plano de mobilidade.<\/p>\n\n\n\n<p><\/p>\n\n\n<div class=\"wp-block-image\">\n<figure class=\"aligncenter size-large\"><img fetchpriority=\"high\" decoding=\"async\" width=\"1024\" height=\"682\" src=\"https:\/\/cartaamazonia.com.br\/carta-maps-cop30\/wp-content\/uploads\/2025\/10\/image-1600-cdf8a06618642283e0a6a45a3f0e8186-1024x682.jpeg\" alt=\"\" class=\"wp-image-8589\" srcset=\"https:\/\/cartaamazonia.com.br\/carta-maps-cop30\/wp-content\/uploads\/2025\/10\/image-1600-cdf8a06618642283e0a6a45a3f0e8186-1024x682.jpeg 1024w, https:\/\/cartaamazonia.com.br\/carta-maps-cop30\/wp-content\/uploads\/2025\/10\/image-1600-cdf8a06618642283e0a6a45a3f0e8186-300x200.jpeg 300w, https:\/\/cartaamazonia.com.br\/carta-maps-cop30\/wp-content\/uploads\/2025\/10\/image-1600-cdf8a06618642283e0a6a45a3f0e8186-768x512.jpeg 768w, https:\/\/cartaamazonia.com.br\/carta-maps-cop30\/wp-content\/uploads\/2025\/10\/image-1600-cdf8a06618642283e0a6a45a3f0e8186.jpeg 1244w\" sizes=\"(max-width: 1024px) 100vw, 1024px\" \/><figcaption class=\"wp-element-caption\"><em>Participantes da Blue Zone contar\u00e3o com um sistema de transporte exclusivo, composto por 15 linhas de \u00f4nibus. Foto: Alex Ribeiro \/ Ag. Par\u00e1<\/em><\/figcaption><\/figure>\n<\/div>\n\n\n<p><\/p>\n\n\n\n<p>Os pontos de \u00f4nibus s\u00e3o exclusivos e devidamente sinalizados com totens ou wind banners. O sistema funcionar\u00e1 24 horas por dia, de 1\u00ba a 23 de novembro e seu acesso ser\u00e1 permitido mediante apresenta\u00e7\u00e3o da credencial da Blue Zone ou carta da UNFCCC.<\/p>\n\n\n\n<p>Em locais n\u00e3o atendidos pelos \u00f4nibus exclusivos, as linhas regulares da prefeitura de Bel\u00e9m tamb\u00e9m podem ser utilizadas. O ponto de desembarque mais pr\u00f3ximo ao Parque da Cidade \u00e9 na Avenida Almirante Barroso.<\/p>\n\n\n\n<p><strong>Acesso ao Parque da Cidade<\/strong><\/p>\n\n\n\n<p>Por raz\u00f5es de seguran\u00e7a e mobilidade na regi\u00e3o, algumas vias de acesso ao Parque da Cidade ter\u00e3o bloqueios e barreiras de fiscaliza\u00e7\u00e3o. Por isso, os participantes que utilizarem servi\u00e7o de t\u00e1xi ou transporte por aplicativo s\u00f3 poder\u00e3o realizar embarque\/desembarque nas vias Av. Visconde de Inha\u00fama e Av. R\u00f4mulo Maiorana.<\/p>\n\n\n\n<p>N\u00e3o haver\u00e1 estacionamento no local da confer\u00eancia. Para ve\u00edculos pr\u00f3prios (carros, \u00f4nibus ou vans), o embarque e desembarque ser\u00e1 realizado na Avenida Duque de Caxias. A \u00e1rea ser\u00e1 destinada somente para embarque e desembarque, sem perman\u00eancia.<\/p>\n\n\n\n<p><strong>Transporte sustent\u00e1vel<\/strong><\/p>\n\n\n\n<p>Bel\u00e9m conta com uma ampla rede de ciclovias e ciclofaixas ao redor da regi\u00e3o do evento. Os participantes que estiverem hospedados na regi\u00e3o podem usar op\u00e7\u00f5es sustent\u00e1veis para chegar ao evento como bicicletas e patinetes el\u00e9tricos.<\/p>\n\n\n<div class=\"wp-block-image\">\n<figure class=\"aligncenter size-full\"><img decoding=\"async\" width=\"984\" height=\"659\" src=\"https:\/\/cartaamazonia.com.br\/carta-maps-cop30\/wp-content\/uploads\/2025\/10\/linhas-de-onibus-cop30-1.png\" alt=\"\" class=\"wp-image-8590\" srcset=\"https:\/\/cartaamazonia.com.br\/carta-maps-cop30\/wp-content\/uploads\/2025\/10\/linhas-de-onibus-cop30-1.png 984w, https:\/\/cartaamazonia.com.br\/carta-maps-cop30\/wp-content\/uploads\/2025\/10\/linhas-de-onibus-cop30-1-300x201.png 300w, https:\/\/cartaamazonia.com.br\/carta-maps-cop30\/wp-content\/uploads\/2025\/10\/linhas-de-onibus-cop30-1-768x514.png 768w\" sizes=\"(max-width: 984px) 100vw, 984px\" \/><figcaption class=\"wp-element-caption\"><em>Esquema de transporte da COP, contar\u00e1 com linhas de \u00f4nibus exclusivos para a Confer\u00eancia Mundial do Clima em Bel\u00e9m (Foto: Reprodu\u00e7\u00e3o \/ Google Maps)<\/em><\/figcaption><\/figure>\n<\/div>\n\n\n<p><\/p>\n\n\n\n<p><\/p>\n\n\n\n<p><strong>Linhas de \u00f4nibus exclusivos da COP 30<\/strong><\/p>\n\n\n\n<ol class=\"wp-block-list\">\n<li>COP \u2013 Outeiro<\/li>\n\n\n\n<li>Circular \u2013 Parque<\/li>\n\n\n\n<li>COP &#8211; Pte. Vargas<\/li>\n\n\n\n<li>COP &#8211; Aeroporto-Outeiro<\/li>\n\n\n\n<li>COP \u2013 Condom\u00ednios<\/li>\n\n\n\n<li>COP &#8211; Pedro Miranda<\/li>\n\n\n\n<li>COP &#8211; M\u00e1rio Covas<\/li>\n\n\n\n<li>COP &#8211; Ver-O-Peso<\/li>\n\n\n\n<li>COP \u2013 Icoaraci<\/li>\n\n\n\n<li>COP \u2013 Jurunas<\/li>\n\n\n\n<li>COP &#8211; Marambaia-UFPA<\/li>\n\n\n\n<li>COP \u2013 Castanhal<\/li>\n\n\n\n<li>COP \u2013 Benevides<\/li>\n\n\n\n<li>COP \u2013 Mosqueiro<\/li>\n\n\n\n<li>Mosqueiro Vila<\/li>\n<\/ol>\n\n\n\n<p><strong>Paradas do \u00f4nibus exclusivo da COP 30<\/strong><\/p>\n\n\n\n<ol class=\"wp-block-list\">\n<li>In\u00edcio das Linhas<\/li>\n\n\n\n<li>Fim das Linhas<\/li>\n\n\n\n<li>Terminal de Outeiro \u2013 CDP<\/li>\n\n\n\n<li>Av. Dr. Freitas x Duque de Caxias<\/li>\n\n\n\n<li>Av. Senador Lemos x Av. Dr. Freitas<\/li>\n\n\n\n<li>Av. Senador Lemos x Av. Pedro \u00c1lvares Cabral<\/li>\n\n\n\n<li>Av. Alm. Barroso x Tv. Timb\u00f3<\/li>\n\n\n\n<li>Jos\u00e9 Malcher x Alcindo Cacela<\/li>\n\n\n\n<li>Visconde de Souza Franco x Manuel Barata<\/li>\n\n\n\n<li>Marechal Hermes x Rui Barbosa<\/li>\n\n\n\n<li>Presidente Vargas x Silva Santos<\/li>\n\n\n\n<li>Pra\u00e7a Batista Campos<\/li>\n\n\n\n<li>Gentil Bitencourt x Generalissimo Deodoro<\/li>\n\n\n\n<li>Gentil Bitencourt x 14 de Abril<\/li>\n\n\n\n<li>Duque de Caxias x Antonio Baena<\/li>\n\n\n\n<li>Aeroporto Val-de-Cans<\/li>\n\n\n\n<li>Julio C\u00e9sar x Pra\u00e7a Dom Mario (Marex)<\/li>\n\n\n\n<li>Av. J\u00falio C\u00e9sar x Av. Brasil<\/li>\n\n\n\n<li>Rod. Paulo Frota x Shopping Gr\u00e3o Par\u00e1<\/li>\n\n\n\n<li>Av Centen\u00e1rio x \u00c1gua Cristal<\/li>\n\n\n\n<li>Rod. Augusto Montenegro x Detran<\/li>\n\n\n\n<li>Rod. Augusto Montenegro x Montenegro Boulevard<\/li>\n\n\n\n<li>Rod. Augusto Montenegro x Greenville I<\/li>\n\n\n\n<li>Rod. Augusto Montenegro x Greenville II<\/li>\n\n\n\n<li>Rod. Augusto Montenegro x Parque Shopping<\/li>\n\n\n\n<li>Rod. Paulo Frota x Cristal Ville<\/li>\n\n\n\n<li>Tv. Angustura x Av. Pedro Miranda<\/li>\n\n\n\n<li>Ferreira Pena x Alcindo Cacela<\/li>\n\n\n\n<li>Dom Pedro I x Curu\u00e7a<\/li>\n\n\n\n<li>Municipalidade x Frei Gil de Vilanova<\/li>\n\n\n\n<li>Visconde de Souza Franco x \u00d3 de Almeida<\/li>\n\n\n\n<li>R. Boa Ventura x Tv. Dom Romualdo<\/li>\n\n\n\n<li>Almirante Barroso x Jos\u00e9 Bonif\u00e1cio<\/li>\n\n\n\n<li>Nina Ribeiro x Cear\u00e1<\/li>\n\n\n\n<li>Av. Alm. Barroso x Tv. Vileta<\/li>\n\n\n\n<li>Av. Alm Barroso x Pedro Amazonas<\/li>\n\n\n\n<li>BR316 x Mix Importados<\/li>\n\n\n\n<li>Rod. Mario Covas x Hotel Riviera Damazonia<\/li>\n\n\n\n<li>Rod. Mario Covas x Park It\u00e1lia<\/li>\n\n\n\n<li>Rod. M\u00e1rio Covas x Av. S. Pedro<\/li>\n\n\n\n<li>Parque dos Igarap\u00e9s<\/li>\n\n\n\n<li>Rod. M\u00e1rio Covas x Pass. Cana\u00e3<\/li>\n\n\n\n<li>Rod. Mario Covas x Gold Martan<\/li>\n\n\n\n<li>Rod. Mario Covas x Privilege<\/li>\n\n\n\n<li>BR316 x Hollyday Inn<\/li>\n\n\n\n<li>Av. Alm. Barroso x 2\u00ba BIS<\/li>\n\n\n\n<li>Duque de Caxias x Mauriti<\/li>\n\n\n\n<li>Ant\u00f4nio Barreto x 14 de Mar\u00e7o<\/li>\n\n\n\n<li>Generalissimo x Boa Ventura<\/li>\n\n\n\n<li>Br\u00e1s de Aguiar x Rui Barbosa<\/li>\n\n\n\n<li>Av. Jos\u00e9 Malcher x Av. Assis de Vasconcelos<\/li>\n\n\n\n<li>Castilho Fran\u00e7a x Frutuoso Guimar\u00e3es<\/li>\n\n\n\n<li>Padre Champagna x Padre Frei Caetano Brand\u00e3o<\/li>\n\n\n\n<li>Doutor Assis x Almirante Tamandar\u00e9<\/li>\n\n\n\n<li>Almirante Tamandar\u00e9 x S\u00e3o Pedro<\/li>\n\n\n\n<li>Nazar\u00e9 x Benjamin Constant<\/li>\n\n\n\n<li>Nazar\u00e9 x 14 de Mar\u00e7o<\/li>\n\n\n\n<li>Gov Magalh\u00e3es Barata x 9 de janeiro<\/li>\n\n\n\n<li>Rod. Augusto Montenegro x Vila Monza<\/li>\n\n\n\n<li>Rod. Augusto Montenegro x Condom\u00ednio Fit Mirante<\/li>\n\n\n\n<li>Tv. Carneiro da Rocha x R. Manoel Barata<\/li>\n\n\n\n<li>Rod. Augusto Montenegro x Rod. Transcoqueiro<\/li>\n\n\n\n<li>Rod. Augusto Montenegro x Escola XV de Novembro<\/li>\n\n\n\n<li>Av. Perimetral x Embrapa<\/li>\n\n\n\n<li>Conselheiro Furtado x Alcindo Cacela<\/li>\n\n\n\n<li>Conselheiro Furtado x Rui Barbosa<\/li>\n\n\n\n<li>Padre Eutiquio x Veiga Cabral<\/li>\n\n\n\n<li>Rua Jo\u00e3o Diogo x Pra\u00e7a da Bandeira<\/li>\n\n\n\n<li>Pra\u00e7a Amazonas x Polo Joalheiro<\/li>\n\n\n\n<li>Apinaj\u00e9s x Timbiras<\/li>\n\n\n\n<li>Jos\u00e9 Bonif\u00e1cio x Mundurucus<\/li>\n\n\n\n<li>Av. Almirante Barroso x Pra\u00e7a da Leitura<\/li>\n\n\n\n<li>Av. Rodolfo Chermont x Av. Tavares bastos<\/li>\n\n\n\n<li>R. da Mata x Av. Paragominas<\/li>\n\n\n\n<li>Av. Rodolfo Chermont (Sentido Centro)<\/li>\n\n\n\n<li>Escola de Aplica\u00e7\u00e3o &#8211; UFPA (Sentido Bairro)<\/li>\n\n\n\n<li>Av. Perimetral x Port\u00e3o 2 UFPA (Sentido Bairro)<\/li>\n\n\n\n<li>Av. Bernado Say\u00e3o x Beira Rio Hotel<\/li>\n\n\n\n<li>Av. Perimetral x Port\u00e3o 2 UFPA (Sentido Centro)<\/li>\n\n\n\n<li>Escola de Aplica\u00e7\u00e3o &#8211; UFPA (Sentido Centro)<\/li>\n\n\n\n<li>BR-316 x R. Decouviille<\/li>\n\n\n\n<li>BR-316 x PA-406<\/li>\n\n\n\n<li>BR-316 x Tv. Jos\u00e9 Am\u00e2ncio<\/li>\n\n\n\n<li>R. Sen. Ant\u00f4nio Lemos x Tv. Floriano Peixoto (Castanhal)<\/li>\n\n\n\n<li>BR-316 x R. Don\u00e1 Ivone Holanda<\/li>\n\n\n\n<li>BR-316 x PA-391<\/li>\n\n\n\n<li>BR-316 x R. da Cer\u00e2mica<\/li>\n\n\n\n<li>BR-316 x Av. Ricardo Borges<\/li>\n\n\n\n<li>BR-316 x R. Francisco de Oliveira<\/li>\n\n\n\n<li>PA-406 x Garden Hotel e Eventos (Benevides)<\/li>\n\n\n\n<li>BR-316 x Pra\u00e7a Matriz \u2013 Ananindeua<\/li>\n\n\n\n<li>BR-316 x Estr. da Provid\u00eancia<\/li>\n\n\n\n<li>Av. 16 de Novembro x Rod. Augusto Meira Filho<\/li>\n\n\n\n<li>Av. Beira Mar x Av. 16 de Novembro<\/li>\n\n\n\n<li>Terminal Mosqueiro<\/li>\n\n\n\n<li>Av. 16 de Novembro x Tv. Eurico Romariz<\/li>\n\n\n\n<li>Av. 16 de Novembro x Chap\u00e9u dos Ventos<\/li>\n\n\n\n<li>Av. Beira Rio x Estr. da Bateria<\/li>\n\n\n\n<li>Av. 16 de Novembro x Condom\u00ednio San Dami\u00e3o<\/li>\n\n\n\n<li>Av. 16 de Novembro x Pass. Samba\u00edbas<\/li>\n\n\n\n<li>Av. 16 de Novembro x Rod. BL 19<\/li>\n\n\n\n<li>Estr. do Caruara x Alm. Quariquara<\/li>\n\n\n\n<li>Av. 16 de Novembro x Av. Rio Branco<\/li>\n\n\n\n<li>Av. 16 de Novembro x R. Antonio Lemos<\/li>\n\n\n\n<li>Av. 16. de Novembro x R. Jd. Guanabara I<\/li>\n\n\n\n<li>Av. Beira Mar x Pra\u00e7a do Patriarca<\/li>\n\n\n\n<li>Tv. Jose Pio x Rua Municipalidade<\/li>\n\n\n\n<li>Av. Almirante Barroso x Tv. Dr. En\u00e9as<\/li>\n\n\n\n<li>Av. Almirante Barroso x Bosque Rodrigues Alves<\/li>\n\n\n\n<li>Tv. Dr. En\u00e9as x Perimetral<\/li>\n\n\n\n<li>Av. Pedro \u00c1lvares Cabral x Passagem Aliados<\/li>\n\n\n\n<li>Av. Pedro \u00c1lvares Cabral x Av. Tavares Bastos<\/li>\n<\/ol>\n\n\n\n<p><strong>Loca\u00e7\u00e3o de carros<\/strong><\/p>\n\n\n\n<p>Al\u00e9m do transporte p\u00fablico, os participantes da COP 30 tamb\u00e9m podem alugar carros durante o evento. A Movida foi a empresa que venceu a licita\u00e7\u00e3o para fornecer ve\u00edculos.<\/p>\n\n\n\n<p>Segundo a fornecedora credenciada para alugar carros, a opera\u00e7\u00e3o est\u00e1 planejada da seguinte forma:<\/p>\n\n\n\n<p>Frota completa, incluindo carros hatch, sed\u00e3s, SUVs, 4&#215;4 e blindados.<\/p>\n\n\n\n<p>Atendimento bil\u00edngue, preparado para acolher participantes de diferentes pa\u00edses.<\/p>\n\n\n\n<p>Opera\u00e7\u00e3o 24 horas por dia, com suporte t\u00e9cnico e manuten\u00e7\u00e3o preventiva.<\/p>\n\n\n\n<p>__________________ <\/p>\n\n\n\n<p><em>Foto de capa: Alexandre Costa\/Ag. Par\u00e1<\/em><\/p>\n\n\n\n<p class=\"has-white-color has-text-color has-link-color wp-elements-d348dde4c7e0eeef53711a873db96ea3\">__<\/p>\n\n\n\n<p class=\"has-vivid-red-color has-text-color has-link-color wp-elements-4fc241d8945d44fd437d7a970c87b180\"><em>Fique por dentro das \u00faltimas not\u00edcias da ag\u00eancia Carta Amaz\u00f4nia.<\/em><strong><em>&nbsp;Participe do nosso&nbsp;<a href=\"https:\/\/www.whatsapp.com\/channel\/0029Vajcelz8qIzmGGHSAR3L?fbclid=PAZXh0bgNhZW0CMTEAAad4zptZku8bM5RvuzeBp5bKxAsCx5uZxJVMMo9AiU6uH1-8OeuHZas9k_jRHA_aem_LQtSLHIyPsx2yDrrXsDD_w\">canal no WhatsApp&nbsp;<\/a><\/em><\/strong><em>e receba conte\u00fados exclusivos direto no seu celular<\/em>.<\/p>\n\n\n\n<p class=\"has-white-color has-text-color has-link-color wp-elements-c645e628e62f8fbab9d9726851472d16\"><\/p>\n\n\n\n<p><\/p>\n","protected":false},"excerpt":{"rendered":"<p>Participantes e delega\u00e7\u00f5es j\u00e1 podem acessar os mapas e informa\u00e7\u00f5es de mobilidade dispon\u00edveis para a Confer\u00eancia Mundial do Clima, em Bel\u00e9m ____ A organiza\u00e7\u00e3o da 30\u00aa Confer\u00eancia das Na\u00e7\u00f5es Unidas sobre Mudan\u00e7a do Clima (COP 30) divulgou os mapas de acesso ao local do evento em&nbsp;Bel\u00e9m. A estrat\u00e9gia de transporte criada para Bel\u00e9m vai permitir [&hellip;]<\/p>\n","protected":false},"author":2,"featured_media":8596,"comment_status":"open","ping_status":"open","sticky":false,"template":"","format":"standard","meta":{"footnotes":""},"categories":[29,31],"tags":[37,35,33,41,116,42,115],"class_list":["post-8586","post","type-post","status-publish","format-standard","has-post-thumbnail","hentry","category-cop30","category-principal","tag-belem","tag-carta-maps","tag-cop30","tag-hospedagem","tag-mobilidade-urbana","tag-onu","tag-parque-da-cidade"],"_links":{"self":[{"href":"https:\/\/cartaamazonia.com.br\/carta-maps-cop30\/wp-json\/wp\/v2\/posts\/8586","targetHints":{"allow":["GET"]}}],"collection":[{"href":"https:\/\/cartaamazonia.com.br\/carta-maps-cop30\/wp-json\/wp\/v2\/posts"}],"about":[{"href":"https:\/\/cartaamazonia.com.br\/carta-maps-cop30\/wp-json\/wp\/v2\/types\/post"}],"author":[{"embeddable":true,"href":"https:\/\/cartaamazonia.com.br\/carta-maps-cop30\/wp-json\/wp\/v2\/users\/2"}],"replies":[{"embeddable":true,"href":"https:\/\/cartaamazonia.com.br\/carta-maps-cop30\/wp-json\/wp\/v2\/comments?post=8586"}],"version-history":[{"count":5,"href":"https:\/\/cartaamazonia.com.br\/carta-maps-cop30\/wp-json\/wp\/v2\/posts\/8586\/revisions"}],"predecessor-version":[{"id":8601,"href":"https:\/\/cartaamazonia.com.br\/carta-maps-cop30\/wp-json\/wp\/v2\/posts\/8586\/revisions\/8601"}],"wp:featuredmedia":[{"embeddable":true,"href":"https:\/\/cartaamazonia.com.br\/carta-maps-cop30\/wp-json\/wp\/v2\/media\/8596"}],"wp:attachment":[{"href":"https:\/\/cartaamazonia.com.br\/carta-maps-cop30\/wp-json\/wp\/v2\/media?parent=8586"}],"wp:term":[{"taxonomy":"category","embeddable":true,"href":"https:\/\/cartaamazonia.com.br\/carta-maps-cop30\/wp-json\/wp\/v2\/categories?post=8586"},{"taxonomy":"post_tag","embeddable":true,"href":"https:\/\/cartaamazonia.com.br\/carta-maps-cop30\/wp-json\/wp\/v2\/tags?post=8586"}],"curies":[{"name":"wp","href":"https:\/\/api.w.org\/{rel}","templated":true}]}}