{"id":8592,"date":"2025-10-26T11:06:08","date_gmt":"2025-10-26T14:06:08","guid":{"rendered":"https:\/\/cartaamazonia.com.br\/carta-maps-cop30\/?p=8592"},"modified":"2025-10-26T11:06:09","modified_gmt":"2025-10-26T14:06:09","slug":"pf-define-plano-de-seguranca-para-os-dias-de-cop-30-em-belem","status":"publish","type":"post","link":"https:\/\/cartaamazonia.com.br\/carta-maps-cop30\/2025\/10\/26\/pf-define-plano-de-seguranca-para-os-dias-de-cop-30-em-belem\/","title":{"rendered":"PF define plano de seguran\u00e7a para os dias de COP 30 em Bel\u00e9m"},"content":{"rendered":"\n<p class=\"has-text-align-center\"><em>As a\u00e7\u00f5es  t\u00eam o objetivo de garantir a prote\u00e7\u00e3o de um n\u00famero recorde de delega\u00e7\u00f5es internacionais<\/em><\/p>\n\n\n\n<p class=\"has-white-color has-text-color has-link-color wp-elements-0ccd2a35e0e917c1e2e4adf71af240b1\"><strong>__________<\/strong><\/p>\n\n\n\n<p>A Pol\u00edcia Federal (PF) definiu o plano de a\u00e7\u00e3o para a seguran\u00e7a da 30\u00aa Confer\u00eancia das Na\u00e7\u00f5es Unidas sobre Mudan\u00e7as Clim\u00e1ticas (COP30), que ocorrer\u00e1 entre 10 e 21 de novembro, em Bel\u00e9m. Iniciadas em 1\u00ba de outubro na capital paraense, as a\u00e7\u00f5es da corpora\u00e7\u00e3o t\u00eam o objetivo de garantir a prote\u00e7\u00e3o de um n\u00famero recorde de delega\u00e7\u00f5es internacionais e, ao mesmo tempo, assegurar o exerc\u00edcio da liberdade de express\u00e3o.<\/p>\n\n\n\n<p><strong>Eixos de atua\u00e7\u00e3o<\/strong><\/p>\n\n\n\n<p>O planejamento da PF diante dos desafios de seguran\u00e7a e log\u00edstica para a COP 30, concentram-se em tr\u00eas eixos:<\/p>\n\n\n\n<p>1. diplomacia e recorde de delega\u00e7\u00f5es: a complexidade da agenda clim\u00e1tica e a expectativa de um n\u00famero recorde de delega\u00e7\u00f5es com vis\u00f5es antag\u00f4nicas exigem um esquema de seguran\u00e7a adaptado e especial para autoridades e uma articula\u00e7\u00e3o geopol\u00edtica intensa.<\/p>\n\n\n\n<p>2. log\u00edstica refor\u00e7ada: abrange o refor\u00e7o na imigra\u00e7\u00e3o, na fiscaliza\u00e7\u00e3o de portos (como o de Outeiro, que receber\u00e1 navios de cruzeiro) e a seguran\u00e7a aeroportu\u00e1ria, incluindo a atua\u00e7\u00e3o na Base A\u00e9rea de Bel\u00e9m, por onde as autoridades de diversos pa\u00edses chegar\u00e3o ao territ\u00f3rio brasileiro;<\/p>\n\n\n\n<p>3. liberdade de manifesta\u00e7\u00e3o: a confer\u00eancia de Bel\u00e9m ser\u00e1 um palco central para a livre manifesta\u00e7\u00e3o de povos origin\u00e1rios e movimentos sociais. A Pol\u00edcia Federal atuar\u00e1 para proteger os participantes, estabelecer per\u00edmetros e garantir uma &#8220;conviv\u00eancia harm\u00f4nica&#8221; entre os segmentos sociais, sem prejudicar o funcionamento regular da cidade.<\/p>\n\n\n\n<p><strong>Efetivo policial<\/strong><\/p>\n\n\n\n<p>Para enfrentar a complexidade do evento, a Pol\u00edcia Federal j\u00e1 recrutou aproximadamente 1,2 mil servidores, entre policiais e administrativos.<\/p>\n\n\n\n<p>O esquema de seguran\u00e7a tamb\u00e9m inclui o emprego de equipes dedicadas no aeroporto e no Porto de Outeiro, com atividades di\u00e1rias, al\u00e9m de capacidades investigativas para preven\u00e7\u00e3o de crimes cibern\u00e9ticos e de terrorismo. A estrutura envolve, ainda, varreduras e contramedidas anti-bombas.<\/p>\n\n\n\n<p><strong>Livre debate<\/strong><\/p>\n\n\n\n<p>No evento de visibilidade internacional, a institui\u00e7\u00e3o policial explica que a confer\u00eancia \u2013 realizada pela primeira vez na Amaz\u00f4nia brasileira \u2013 vir\u00e1 ap\u00f3s edi\u00e7\u00f5es realizadas em pa\u00edses com maiores restri\u00e7\u00f5es \u00e0s liberdades civis.<\/p>\n\n\n\n<p>\u201cA PF destaca o Brasil se consolida como o principal palco dos \u00faltimos cinco anos para a livre manifesta\u00e7\u00e3o de povos origin\u00e1rios\u201d, diz a nota da entidade.<\/p>\n\n\n\n<p>Os cidades que realizaram as \u00faltimas Confer\u00eancias das Na\u00e7\u00f5es Unidas sobre Mudan\u00e7as Clim\u00e1ticas (COP) foram: Baku, no Azerbaij\u00e3o (COP29), em 2024; Dubai, nos Emirados \u00c1rabes Unidos (COP28), em 2023; Sharm el-Sheikh, no Egito, sediou a (COP27), em 2022; Glasgow, na Esc\u00f3cia, (COP26), em 2021.<\/p>\n\n\n\n<p><strong>Aldeia COP<\/strong><\/p>\n\n\n\n<p>De olho na import\u00e2ncia da presen\u00e7a e do saber dos povos tradicionais nas negocia\u00e7\u00f5es clim\u00e1ticas, o governo brasileiro tamb\u00e9m organizou uma &#8220;Aldeia COP&#8221; para receber povos ind\u00edgenas do Brasil e de todo o mundo durante a COP30.<\/p>\n\n\n\n<p>A \u00e1rea total de 72.695 m\u00b2, com \u00e1rea constru\u00edda de 14.903,81 m\u00b2, foi montada na Universidade Federal do Par\u00e1. Desde setembro, o espa\u00e7o \u00e9 destinado ao acampamento e \u00e0 realiza\u00e7\u00e3o de atividades culturais, pol\u00edticas e espirituais.<\/p>\n\n\n\n<p>A estimativa \u00e9 de que 3 mil ind\u00edgenas fiquem hospedados no local, durante a realiza\u00e7\u00e3o do evento internacional.<\/p>\n\n\n\n<p>A Aldeia COP \u00e9 coordenada pelo Minist\u00e9rio dos Povos Ind\u00edgenas, em parceria com a Articula\u00e7\u00e3o dos Povos Ind\u00edgenas do Brasil (Apib), a Coordena\u00e7\u00e3o das Organiza\u00e7\u00f5es Ind\u00edgenas da Amaz\u00f4nia Brasileira (COIAB) e a Federa\u00e7\u00e3o dos Povos Ind\u00edgenas do Par\u00e1 (Fepipa).<\/p>\n\n\n\n<p><\/p>\n\n\n\n<p>_____________________ <\/p>\n\n\n\n<p><em>Foto de capa: Ascom \/ Pol\u00edcia Federal<\/em><\/p>\n\n\n\n<p><em>Com informa\u00e7\u00f5es da Ag\u00eancia Brasil <\/em><\/p>\n\n\n\n<p><\/p>\n\n\n\n<p class=\"has-vivid-red-color has-text-color has-link-color wp-elements-8e96af6b9116dd09e3bca95a95e91a6d\"><em>Fique por dentro das \u00faltimas not\u00edcias da ag\u00eancia Carta Amaz\u00f4nia.<\/em><strong><em>\u00a0Participe do nosso\u00a0<a href=\"https:\/\/www.whatsapp.com\/channel\/0029Vajcelz8qIzmGGHSAR3L?fbclid=PAZXh0bgNhZW0CMTEAAad4zptZku8bM5RvuzeBp5bKxAsCx5uZxJVMMo9AiU6uH1-8OeuHZas9k_jRHA_aem_LQtSLHIyPsx2yDrrXsDD_w\">canal no WhatsApp\u00a0<\/a><\/em><\/strong><em>e receba conte\u00fados exclusivos direto no seu celular<\/em>.<\/p>\n","protected":false},"excerpt":{"rendered":"<p>As a\u00e7\u00f5es t\u00eam o objetivo de garantir a prote\u00e7\u00e3o de um n\u00famero recorde de delega\u00e7\u00f5es internacionais __________ A Pol\u00edcia Federal (PF) definiu o plano de a\u00e7\u00e3o para a seguran\u00e7a da 30\u00aa Confer\u00eancia das Na\u00e7\u00f5es Unidas sobre Mudan\u00e7as Clim\u00e1ticas (COP30), que ocorrer\u00e1 entre 10 e 21 de novembro, em Bel\u00e9m. Iniciadas em 1\u00ba de outubro na [&hellip;]<\/p>\n","protected":false},"author":2,"featured_media":8593,"comment_status":"open","ping_status":"open","sticky":false,"template":"","format":"standard","meta":{"footnotes":""},"categories":[29],"tags":[36,37,33,41,42,118,46,117],"class_list":["post-8592","post","type-post","status-publish","format-standard","has-post-thumbnail","hentry","category-cop30","tag-amazonia","tag-belem","tag-cop30","tag-hospedagem","tag-onu","tag-policia-federal","tag-povos-indigenas","tag-seguranca"],"_links":{"self":[{"href":"https:\/\/cartaamazonia.com.br\/carta-maps-cop30\/wp-json\/wp\/v2\/posts\/8592","targetHints":{"allow":["GET"]}}],"collection":[{"href":"https:\/\/cartaamazonia.com.br\/carta-maps-cop30\/wp-json\/wp\/v2\/posts"}],"about":[{"href":"https:\/\/cartaamazonia.com.br\/carta-maps-cop30\/wp-json\/wp\/v2\/types\/post"}],"author":[{"embeddable":true,"href":"https:\/\/cartaamazonia.com.br\/carta-maps-cop30\/wp-json\/wp\/v2\/users\/2"}],"replies":[{"embeddable":true,"href":"https:\/\/cartaamazonia.com.br\/carta-maps-cop30\/wp-json\/wp\/v2\/comments?post=8592"}],"version-history":[{"count":1,"href":"https:\/\/cartaamazonia.com.br\/carta-maps-cop30\/wp-json\/wp\/v2\/posts\/8592\/revisions"}],"predecessor-version":[{"id":8594,"href":"https:\/\/cartaamazonia.com.br\/carta-maps-cop30\/wp-json\/wp\/v2\/posts\/8592\/revisions\/8594"}],"wp:featuredmedia":[{"embeddable":true,"href":"https:\/\/cartaamazonia.com.br\/carta-maps-cop30\/wp-json\/wp\/v2\/media\/8593"}],"wp:attachment":[{"href":"https:\/\/cartaamazonia.com.br\/carta-maps-cop30\/wp-json\/wp\/v2\/media?parent=8592"}],"wp:term":[{"taxonomy":"category","embeddable":true,"href":"https:\/\/cartaamazonia.com.br\/carta-maps-cop30\/wp-json\/wp\/v2\/categories?post=8592"},{"taxonomy":"post_tag","embeddable":true,"href":"https:\/\/cartaamazonia.com.br\/carta-maps-cop30\/wp-json\/wp\/v2\/tags?post=8592"}],"curies":[{"name":"wp","href":"https:\/\/api.w.org\/{rel}","templated":true}]}}