{"id":8623,"date":"2025-11-03T15:39:46","date_gmt":"2025-11-03T18:39:46","guid":{"rendered":"https:\/\/cartaamazonia.com.br\/carta-maps-cop30\/?p=8623"},"modified":"2025-11-03T15:41:55","modified_gmt":"2025-11-03T18:41:55","slug":"casa-ipe-em-belem-vai-reunir-especialistas-para-debate-sobre-clima-e-biodiversidade","status":"publish","type":"post","link":"https:\/\/cartaamazonia.com.br\/carta-maps-cop30\/2025\/11\/03\/casa-ipe-em-belem-vai-reunir-especialistas-para-debate-sobre-clima-e-biodiversidade\/","title":{"rendered":"Casa IP\u00ca em Bel\u00e9m vai reunir especialistas para debate sobre clima e biodiversidade"},"content":{"rendered":"\n<p class=\"has-text-align-center\"><em>A casa est\u00e1 no mapeamento das organiza\u00e7\u00f5es socioambientais de Bel\u00e9m do projeto Carta Maps.<\/em><\/p>\n\n\n\n<p class=\"has-white-color has-text-color has-link-color wp-elements-b5269f22a648d12c20bd03af5c87ea4a\"><strong>___<\/strong><\/p>\n\n\n\n<p>Durante a Confer\u00eancia Mundial do Clima, o IP\u00ca \u2013 Instituto de Pesquisas Ecol\u00f3gicas, estar\u00e1 em Bel\u00e9m com um espa\u00e7o destinado a encontros e debates sobre a biodiversidade e o enfrentamento \u00e0s mudan\u00e7as clim\u00e1ticas. A Casa IP\u00ca reunir\u00e1 representantes de organiza\u00e7\u00f5es da sociedade civil, governo, empresas privadas, comunidades tradicionais, povos ind\u00edgenas, imprensa e influenciadores para discutir os assuntos que estar\u00e3o em pauta na COP.<\/p>\n\n\n\n<p>Segundo os organizadores, o local funcionar\u00e1 como um espa\u00e7o alternativo \u00e0s zonas oficiais da ONU, principalmente \u00e0 Blue Zone, \u00e1rea oficial e restrita onde ocorrer\u00e3o as negocia\u00e7\u00f5es clim\u00e1ticas internacionais e as decis\u00f5es ao longo da COP30.<\/p>\n\n\n\n<p>\u201cA Casa IP\u00ca \u00e9 em ess\u00eancia um espa\u00e7o de troca entre aqueles que querem debater os assuntos mais desafiadores do momento, trazendo solu\u00e7\u00f5es com um olhar cr\u00edtico, construtivo, pautado em a\u00e7\u00f5es coletivas\u201d, afirma Andrea Pe\u00e7anha, coordenadora da Casa IP\u00ca na COP30.<\/p>\n\n\n\n<p class=\"has-black-color has-text-color has-link-color wp-elements-c2bcb5ef80a913aeec766a127bfd4d2d\">A casa est\u00e1 no\u00a0<strong><a href=\"https:\/\/cartaamazonia.com.br\/carta-maps-cop30\/2025\/10\/14\/mapa-do-ativismo-socioambiental-o-papel-das-organizacoes-da-sociedade-civil-na-cop30\/\">mapeamento das organiza\u00e7\u00f5es socioambientais do Carta Maps<\/a><\/strong>. O espa\u00e7o fica na Rua Jari 1, Conjunto Embrapa, no bairro do Marco, a pouco mais de 1,5km da Blue Zone e da Green Zone.<\/p>\n\n\n\n<p><\/p>\n\n\n\n<iframe src=\"https:\/\/www.google.com\/maps\/d\/embed?mid=1eqa9seUKfjaZPyUb0xMN15pIIRAW2-Y&#038;hl=pt-BR&#038;ehbc=2E312F\" width=\"640\" height=\"480\"><\/iframe>\n\n\n\n<p class=\"has-white-color has-text-color has-link-color wp-elements-4a048d008a19112585d17b9e320cf04d\"><strong>____<\/strong><\/p>\n\n\n\n<p class=\"has-vivid-red-color has-text-color has-link-color wp-elements-1db192d0194b4be8b4d805f31f55b919\"><strong><a href=\"https:\/\/ipe.org.br\/cop30\/agenda-casa-ipe-cop30\/\">Confira aqui a programa\u00e7\u00e3o completa da Casa IP\u00ca.<\/a><\/strong><\/p>\n\n\n\n<p>O espa\u00e7o conta com o apoio de Havaianas e Funda\u00e7\u00e3o Sol de Janeiro. A parceria entre Havaianas e IP\u00ca j\u00e1 tem mais de 21 anos. A marca destina 7% do valor l\u00edquido das vendas das sand\u00e1lias desenhadas exclusivamente com o Instituto para o trabalho de conserva\u00e7\u00e3o da biodiversidade da organiza\u00e7\u00e3o. J\u00e1 a Funda\u00e7\u00e3o Sol de Janeiro financia desde 2025 algumas iniciativas do IP\u00ca como o projeto de restaura\u00e7\u00e3o florestal e corredores no Sul da Bahia e bolsas de estudo para alunos de mestrado profissional na ESCAS, a escola do IP\u00ca.<\/p>\n\n\n\n<p><\/p>\n\n\n\n<p>_____________________<\/p>\n\n\n\n<p><em>Foto de capa: Arquivo IP\u00ca&nbsp;<\/em><\/p>\n\n\n\n<p><\/p>\n\n\n\n<p class=\"has-vivid-red-color has-text-color has-link-color wp-elements-53146716628a2e34da2575b0bd50ee17\"><em>Fique por dentro das \u00faltimas not\u00edcias da ag\u00eancia Carta Amaz\u00f4nia.&nbsp;<strong>Participe do nosso&nbsp;<a href=\"https:\/\/www.whatsapp.com\/channel\/0029Vajcelz8qIzmGGHSAR3L?fbclid=PAZXh0bgNhZW0CMTEAAad4zptZku8bM5RvuzeBp5bKxAsCx5uZxJVMMo9AiU6uH1-8OeuHZas9k_jRHA_aem_LQtSLHIyPsx2yDrrXsDD_w\">canal no WhatsApp<\/a>&nbsp;e<\/strong>&nbsp;receba conte\u00fados exclusivos direto no seu celular.<\/em><\/p>\n\n\n\n<p><\/p>\n","protected":false},"excerpt":{"rendered":"<p>A casa est\u00e1 no mapeamento das organiza\u00e7\u00f5es socioambientais de Bel\u00e9m do projeto Carta Maps. ___ Durante a Confer\u00eancia Mundial do Clima, o IP\u00ca \u2013 Instituto de Pesquisas Ecol\u00f3gicas, estar\u00e1 em Bel\u00e9m com um espa\u00e7o destinado a encontros e debates sobre a biodiversidade e o enfrentamento \u00e0s mudan\u00e7as clim\u00e1ticas. A Casa IP\u00ca reunir\u00e1 representantes de organiza\u00e7\u00f5es [&hellip;]<\/p>\n","protected":false},"author":2,"featured_media":8624,"comment_status":"open","ping_status":"open","sticky":false,"template":"","format":"standard","meta":{"footnotes":""},"categories":[29],"tags":[36,37,119,33,39,42,120,46],"class_list":["post-8623","post","type-post","status-publish","format-standard","has-post-thumbnail","hentry","category-cop30","tag-amazonia","tag-belem","tag-casa-ipe","tag-cop30","tag-geojornalismo","tag-onu","tag-organizacoes-socioambientais","tag-povos-indigenas"],"_links":{"self":[{"href":"https:\/\/cartaamazonia.com.br\/carta-maps-cop30\/wp-json\/wp\/v2\/posts\/8623","targetHints":{"allow":["GET"]}}],"collection":[{"href":"https:\/\/cartaamazonia.com.br\/carta-maps-cop30\/wp-json\/wp\/v2\/posts"}],"about":[{"href":"https:\/\/cartaamazonia.com.br\/carta-maps-cop30\/wp-json\/wp\/v2\/types\/post"}],"author":[{"embeddable":true,"href":"https:\/\/cartaamazonia.com.br\/carta-maps-cop30\/wp-json\/wp\/v2\/users\/2"}],"replies":[{"embeddable":true,"href":"https:\/\/cartaamazonia.com.br\/carta-maps-cop30\/wp-json\/wp\/v2\/comments?post=8623"}],"version-history":[{"count":2,"href":"https:\/\/cartaamazonia.com.br\/carta-maps-cop30\/wp-json\/wp\/v2\/posts\/8623\/revisions"}],"predecessor-version":[{"id":8627,"href":"https:\/\/cartaamazonia.com.br\/carta-maps-cop30\/wp-json\/wp\/v2\/posts\/8623\/revisions\/8627"}],"wp:featuredmedia":[{"embeddable":true,"href":"https:\/\/cartaamazonia.com.br\/carta-maps-cop30\/wp-json\/wp\/v2\/media\/8624"}],"wp:attachment":[{"href":"https:\/\/cartaamazonia.com.br\/carta-maps-cop30\/wp-json\/wp\/v2\/media?parent=8623"}],"wp:term":[{"taxonomy":"category","embeddable":true,"href":"https:\/\/cartaamazonia.com.br\/carta-maps-cop30\/wp-json\/wp\/v2\/categories?post=8623"},{"taxonomy":"post_tag","embeddable":true,"href":"https:\/\/cartaamazonia.com.br\/carta-maps-cop30\/wp-json\/wp\/v2\/tags?post=8623"}],"curies":[{"name":"wp","href":"https:\/\/api.w.org\/{rel}","templated":true}]}}