{"id":8662,"date":"2026-01-22T10:49:55","date_gmt":"2026-01-22T13:49:55","guid":{"rendered":"https:\/\/cartaamazonia.com.br\/carta-maps-cop30\/?p=8662"},"modified":"2026-01-24T10:37:55","modified_gmt":"2026-01-24T13:37:55","slug":"mapa-do-rock-doido-de-belem-o-mapa-da-noite-de-belem","status":"publish","type":"post","link":"https:\/\/cartaamazonia.com.br\/carta-maps-cop30\/2026\/01\/22\/mapa-do-rock-doido-de-belem-o-mapa-da-noite-de-belem\/","title":{"rendered":"Mapa do &#8220;Rock Doido&#8221;:  O guia da boemia de Bel\u00e9m"},"content":{"rendered":"\n<p class=\"has-text-align-center\"><em>Guia destaca os principais roteiros para \u201cdan\u00e7ar, curtir, ficar de boa\u201d na capital paraense <\/em><\/p>\n\n\n\n<p class=\"has-white-color has-text-color has-link-color wp-elements-ba64f41c1a3bb8f79b852e42ae81a954\"><strong>_<\/strong><\/p>\n\n\n\n<p><strong>Por Sara Portal<\/strong><\/p>\n\n\n\n<p class=\"has-white-color has-text-color has-link-color wp-elements-ba64f41c1a3bb8f79b852e42ae81a954\"><strong>_<\/strong><\/p>\n\n\n\n<p>Bel\u00e9m do Par\u00e1 \u00e9 mundialmente conhecida pela gastronomia e cultura, mas para se localizar nas infinitas op\u00e7\u00f5es na cidade, o Carta Maps, projeto de geojornalismo desenvolvido pela ag\u00eancia Carta Amaz\u00f4nia, traduziu toda energia paraense em coordenadas culturais e apresenta n\u00e3o apenas um mapa, mas um guia da boemia belenense.<\/p>\n\n\n\n<p>&nbsp;O <strong>Mapa do Rock Doido<\/strong>, nome carinhosamente dado aos espa\u00e7os culturais, vai te ajudar a encontrar o melhor lugar para aproveitar a noite, \u201cdan\u00e7ar, curtir, ficar de boa\u201d em Bel\u00e9m.<\/p>\n\n\n\n<iframe src=\"https:\/\/www.google.com\/maps\/d\/embed?mid=1_yCXqYYH-q2JeG_0NvRiuqGJpSiD7ko&#038;ehbc=2E312F\" width=\"640\" height=\"480\"><\/iframe>\n\n\n\n<p><\/p>\n\n\n\n<p><strong>Pra dan\u00e7ar<\/strong> \u2013 a capital mundial do brega, reconhecida pela ONU Turismo, \u00e9 s\u00edmbolo da cultura paraense. As varia\u00e7\u00f5es do estilo musical deixam a cidade ainda melhor e transformam os bairros em grandes pistas de dan\u00e7a. Al\u00e9m do principal ritmo, o mapa sinaliza com pontos roxos, as possibilidades de encontros que vai de espa\u00e7os mais alternativos aos mais tradicionais misturando tecnologia e tradi\u00e7\u00e3o.<\/p>\n\n\n\n<p><\/p>\n\n\n\n<figure class=\"wp-block-image size-large\"><img fetchpriority=\"high\" decoding=\"async\" width=\"1024\" height=\"683\" src=\"https:\/\/cartaamazonia.com.br\/carta-maps-cop30\/wp-content\/uploads\/2026\/01\/20727_88e54402-feae-6817-59ec-d375dcdf40f0-1024x683.jpg\" alt=\"\" class=\"wp-image-8664\" srcset=\"https:\/\/cartaamazonia.com.br\/carta-maps-cop30\/wp-content\/uploads\/2026\/01\/20727_88e54402-feae-6817-59ec-d375dcdf40f0-1024x683.jpg 1024w, https:\/\/cartaamazonia.com.br\/carta-maps-cop30\/wp-content\/uploads\/2026\/01\/20727_88e54402-feae-6817-59ec-d375dcdf40f0-300x200.jpg 300w, https:\/\/cartaamazonia.com.br\/carta-maps-cop30\/wp-content\/uploads\/2026\/01\/20727_88e54402-feae-6817-59ec-d375dcdf40f0-768x512.jpg 768w, https:\/\/cartaamazonia.com.br\/carta-maps-cop30\/wp-content\/uploads\/2026\/01\/20727_88e54402-feae-6817-59ec-d375dcdf40f0.jpg 1300w\" sizes=\"(max-width: 1024px) 100vw, 1024px\" \/><figcaption class=\"wp-element-caption\"><em>Aparelhagem Carabao &#8211; O Furioso do Maraj\u00f3, comanda os principais roteiros de festa de brega e tecnobrega em Bel\u00e9m do Par\u00e1 (Foto: Rodrigo Pinheiro \/ Ag.Par\u00e1)<\/em><\/figcaption><\/figure>\n\n\n\n<p><\/p>\n\n\n\n<p><strong>M\u00fasica ao vivo<\/strong> \u2013 Mas se, al\u00e9m de dan\u00e7ar, voc\u00ea tamb\u00e9m quer aproveitar a melhor gastronomia da regi\u00e3o. Nem te bate! O mapeamento tamb\u00e9m apresenta op\u00e7\u00f5es de botecos, pontos de cultura, casas de shows e bares, que s\u00e3o excelentes espa\u00e7os da boemia belenense. Oferecem cerveja gelada, petiscos regionais e a boa conversa que atravessa madrugadas. No mapa, sinalizados com pontos verdes, s\u00e3o espa\u00e7os de resist\u00eancia cultural, onde o rock autoral encontra o carimb\u00f3, o samba, o reggae, m\u00fasica instrumental e blues, criando uma atmosfera ainda mais plural.<\/p>\n\n\n<div class=\"wp-block-image\">\n<figure class=\"aligncenter size-full is-resized\"><img decoding=\"async\" width=\"984\" height=\"554\" src=\"https:\/\/cartaamazonia.com.br\/carta-maps-cop30\/wp-content\/uploads\/2026\/01\/whatsapp-image-2025-12-10-at-17.59.06.avif\" alt=\"\" class=\"wp-image-8665\" style=\"aspect-ratio:1.776191892159778;width:828px;height:auto\" srcset=\"https:\/\/cartaamazonia.com.br\/carta-maps-cop30\/wp-content\/uploads\/2026\/01\/whatsapp-image-2025-12-10-at-17.59.06.avif 984w, https:\/\/cartaamazonia.com.br\/carta-maps-cop30\/wp-content\/uploads\/2026\/01\/whatsapp-image-2025-12-10-at-17.59.06-300x169.avif 300w, https:\/\/cartaamazonia.com.br\/carta-maps-cop30\/wp-content\/uploads\/2026\/01\/whatsapp-image-2025-12-10-at-17.59.06-768x432.avif 768w\" sizes=\"(max-width: 984px) 100vw, 984px\" \/><figcaption class=\"wp-element-caption\">Al\u00e9m das festas de aparelhagem, o<em> guia tamb\u00e9m destaca op\u00e7\u00f5es de m\u00fasica ao vivo como o samba da Feira do A\u00e7a\u00ed, realizado no centro hist\u00f3rico (Foto: <\/em>Divulga\u00e7\u00e3o\/<em> Batuque da Feira do A\u00e7a\u00ed&#8217;<\/em>)<\/figcaption><\/figure>\n<\/div>\n\n\n<p><\/p>\n\n\n\n<p>O Mapa do Rock Doido n\u00e3o \u00e9 somente um guia de divers\u00e3o: \u00e9 uma forma de leitura da cidade que se reinventa a cada noite, oportuniza seus artistas locais e potencializa sua cultura. \u00c9 um mapa que convida moradores e visitantes a se perder e se encontrar sempre regados&nbsp;\u00e0&nbsp;m\u00fasica.<\/p>\n\n\n\n<p><strong>Contribua com a sua experi\u00eancia para o mapa<\/strong><\/p>\n\n\n\n<p>O Carta Maps \u00e9 um projeto de colabora\u00e7\u00e3o. Acreditamos que o conhecimento local \u00e9 o ingrediente principal para um mapa de qualidade. Por isso, queremos que voc\u00ea ajude a construir o guia mais completo de Bel\u00e9m.<\/p>\n\n\n\n<p>Conhece um local cultural, um bar, um boteco ou um espa\u00e7o de divers\u00e3o que ainda n\u00e3o est\u00e1 no nosso mapa? Queremos saber! Clique no link abaixo e nos ajude a mapear esses tesouros. A sua contribui\u00e7\u00e3o faz a diferen\u00e7a para que o Carta Maps continue sendo um guia justo e aut\u00eantico para quem visita a capital da Amaz\u00f4nia.<\/p>\n\n\n\n<p class=\"has-black-color has-text-color has-link-color wp-elements-cc3560f8c11e57ef4c384d0ec59f2587\"><strong><a href=\"https:\/\/docs.google.com\/forms\/d\/e\/1FAIpQLSd8KrGvCbajJr2TPgQzUXopJ7QyF5W2D5Zqkg2zNWC41pDoLA\/viewform\">Acesse aqui o formul\u00e1rio de dicas de roteiros de festa na cidade.<\/a><\/strong><\/p>\n\n\n\n<p><\/p>\n\n\n\n<p><strong>Carta Maps<\/strong><\/p>\n\n\n\n<p>O Carta Maps  \u00e9 um projeto da ag\u00eancia Carta Amaz\u00f4nia realizado em parceria com o site&nbsp;<strong><a href=\"https:\/\/noticiadopara.com.br\/\">Not\u00edcias do Par\u00e1&nbsp;<\/a><\/strong>e com o apoio institucional da&nbsp;<strong><a href=\"https:\/\/ajor.org.br\/\">Ajor (Associa\u00e7\u00e3o de Jornalismo Digital)&nbsp;<\/a><\/strong>e da organiza\u00e7\u00e3o&nbsp;<strong><a href=\"https:\/\/rsf.org\/pt-br\">Rep\u00f3rteres Sem Fronteiras<\/a><\/strong>.<\/p>\n\n\n\n<p class=\"has-white-color has-text-color has-link-color wp-elements-bbc70a41f688e050e149ab2a0fe465c0\">____<\/p>\n\n\n\n<p><strong>Edi\u00e7\u00e3o: Adison Ferreira&nbsp;<\/strong><\/p>\n\n\n\n<p class=\"has-white-color has-text-color has-link-color wp-elements-7aa1a21d6e65cbc0b4c86398c29ee9c2\">___<\/p>\n\n\n\n<p>______________________________<\/p>\n\n\n\n<p><em>Cr\u00e9dito da capa: Ant\u00f3nio Laranjeira\/ Reprodu\u00e7\u00e3o Carta Maps<\/em><\/p>\n\n\n\n<p><em>*Este conte\u00fado foi produzido: 1) coletivamente por meio de trabalho remoto (Google Workspace), 2) baseado em mapas personalizados com curadoria do conhecimento local (Google My Maps), 3) conforme dados de visitantes coletados de modo on-line (Google Maps); 4) e amparado por recursos de intelig\u00eancia artificial supervisionada por humanos (Gemini e Notebook LM).<\/em><\/p>\n\n\n\n<p><em>Fique por dentro das \u00faltimas not\u00edcias da ag\u00eancia Carta Amaz\u00f4nia.<\/em><strong><em>&nbsp;Participe do nosso&nbsp;<a href=\"https:\/\/www.whatsapp.com\/channel\/0029Vajcelz8qIzmGGHSAR3L?fbclid=PAZXh0bgNhZW0CMTEAAad4zptZku8bM5RvuzeBp5bKxAsCx5uZxJVMMo9AiU6uH1-8OeuHZas9k_jRHA_aem_LQtSLHIyPsx2yDrrXsDD_w\">canal no WhatsApp&nbsp;<\/a><\/em><\/strong><em>e receba conte\u00fados exclusivos direto no seu celular<\/em>.<\/p>\n\n\n\n<p><\/p>\n","protected":false},"excerpt":{"rendered":"<p>Guia destaca os principais roteiros para \u201cdan\u00e7ar, curtir, ficar de boa\u201d na capital paraense _ Por Sara Portal _ Bel\u00e9m do Par\u00e1 \u00e9 mundialmente conhecida pela gastronomia e cultura, mas para se localizar nas infinitas op\u00e7\u00f5es na cidade, o Carta Maps, projeto de geojornalismo desenvolvido pela ag\u00eancia Carta Amaz\u00f4nia, traduziu toda energia paraense em coordenadas [&hellip;]<\/p>\n","protected":false},"author":2,"featured_media":8663,"comment_status":"open","ping_status":"open","sticky":false,"template":"","format":"standard","meta":{"footnotes":""},"categories":[87,31],"tags":[36,37,132,134,137,33,135,142,131,138,136,39,141,130,140,133,139],"class_list":["post-8662","post","type-post","status-publish","format-standard","has-post-thumbnail","hentry","category-cultura","category-principal","tag-amazonia","tag-belem","tag-brega","tag-brega-marcante","tag-carabao","tag-cop30","tag-espaco-apoena","tag-feira-do-acai","tag-festa","tag-festa-de-aparelhagem","tag-gabi-amarantos","tag-geojornalismo","tag-palacio-dos-bares","tag-rock-doido","tag-rubi","tag-tecnobrega","tag-treme"],"_links":{"self":[{"href":"https:\/\/cartaamazonia.com.br\/carta-maps-cop30\/wp-json\/wp\/v2\/posts\/8662","targetHints":{"allow":["GET"]}}],"collection":[{"href":"https:\/\/cartaamazonia.com.br\/carta-maps-cop30\/wp-json\/wp\/v2\/posts"}],"about":[{"href":"https:\/\/cartaamazonia.com.br\/carta-maps-cop30\/wp-json\/wp\/v2\/types\/post"}],"author":[{"embeddable":true,"href":"https:\/\/cartaamazonia.com.br\/carta-maps-cop30\/wp-json\/wp\/v2\/users\/2"}],"replies":[{"embeddable":true,"href":"https:\/\/cartaamazonia.com.br\/carta-maps-cop30\/wp-json\/wp\/v2\/comments?post=8662"}],"version-history":[{"count":12,"href":"https:\/\/cartaamazonia.com.br\/carta-maps-cop30\/wp-json\/wp\/v2\/posts\/8662\/revisions"}],"predecessor-version":[{"id":8680,"href":"https:\/\/cartaamazonia.com.br\/carta-maps-cop30\/wp-json\/wp\/v2\/posts\/8662\/revisions\/8680"}],"wp:featuredmedia":[{"embeddable":true,"href":"https:\/\/cartaamazonia.com.br\/carta-maps-cop30\/wp-json\/wp\/v2\/media\/8663"}],"wp:attachment":[{"href":"https:\/\/cartaamazonia.com.br\/carta-maps-cop30\/wp-json\/wp\/v2\/media?parent=8662"}],"wp:term":[{"taxonomy":"category","embeddable":true,"href":"https:\/\/cartaamazonia.com.br\/carta-maps-cop30\/wp-json\/wp\/v2\/categories?post=8662"},{"taxonomy":"post_tag","embeddable":true,"href":"https:\/\/cartaamazonia.com.br\/carta-maps-cop30\/wp-json\/wp\/v2\/tags?post=8662"}],"curies":[{"name":"wp","href":"https:\/\/api.w.org\/{rel}","templated":true}]}}